{"id":1012,"date":"2025-01-22T13:33:13","date_gmt":"2025-01-22T13:33:13","guid":{"rendered":"https:\/\/ledenonciateur224.com\/?p=1012"},"modified":"2025-01-22T13:33:13","modified_gmt":"2025-01-22T13:33:13","slug":"crief-lex-dg-des-impots-mory-camara-face-a-de-lourdes-accusations-et-place-en-detention-provisoire","status":"publish","type":"post","link":"https:\/\/ledenonciateur224.com\/index.php\/crief-lex-dg-des-impots-mory-camara-face-a-de-lourdes-accusations-et-place-en-detention-provisoire\/","title":{"rendered":"CRIEF : L&rsquo;ex-DG des Imp\u00f4ts, Mory Camara, face \u00e0 de lourdes accusations et plac\u00e9 en d\u00e9tention provisoire"},"content":{"rendered":"<div dir=\"auto\">L\u2019ancien Directeur g\u00e9n\u00e9ral des Imp\u00f4ts, Mory Camara, est d\u00e9sormais sous le poids de lourdes accusations. Ce mercredi 22 janvier 2025, la chambre sp\u00e9ciale de contr\u00f4le de l&rsquo;instruction de la Cour de r\u00e9pression des infractions \u00e9conomiques et financi\u00e8res (CRIEF) a confirm\u00e9 son inculpation pour des faits graves incluant le d\u00e9gr\u00e8vement fiscal, la corruption, l&rsquo;enrichissement illicite, le d\u00e9tournement de fonds publics, le blanchiment de capitaux, la concussion et la complicit\u00e9. Suite \u00e0 cette inculpation, Mory Camara a \u00e9t\u00e9 plac\u00e9 en d\u00e9tention provisoire \u00e0 la Maison Centrale de Coronthie.<\/div>\n<div dir=\"auto\"><\/div>\n<div dir=\"auto\"><\/div>\n<div dir=\"auto\">La m\u00eame d\u00e9cision a \u00e9t\u00e9 prise pour son collaborateur, Mamadou Djan Diallo, Directeur de la l\u00e9gislation fiscale et du contentieux, \u00e9galement incarc\u00e9r\u00e9 sous les m\u00eames accusations. Cependant, la CRIEF a pris une d\u00e9cision diff\u00e9rente concernant Mamoudou B\u00e9r\u00e9t\u00e9, Directeur du contr\u00f4le fiscal. L&rsquo;inculpation \u00e0 son encontre a \u00e9t\u00e9 annul\u00e9e et il a \u00e9t\u00e9 imm\u00e9diatement lib\u00e9r\u00e9.<\/div>\n<div dir=\"auto\"><\/div>\n<div dir=\"auto\"><\/div>\n<div dir=\"auto\"><\/div>\n<div dir=\"auto\">N&rsquo;sira Sylla<\/div>\n<div dir=\"auto\"><\/div>\n","protected":false},"excerpt":{"rendered":"<p>L\u2019ancien Directeur g\u00e9n\u00e9ral des Imp\u00f4ts, Mory Camara, est d\u00e9sormais sous le poids de lourdes accusations. Ce mercredi 22 janvier 2025, la chambre sp\u00e9ciale de contr\u00f4le de l&rsquo;instruction de la Cour de r\u00e9pression des infractions \u00e9conomiques et financi\u00e8res (CRIEF) a confirm\u00e9 son inculpation pour des faits graves incluant le d\u00e9gr\u00e8vement fiscal, la corruption, l&rsquo;enrichissement illicite, le [&hellip;]<\/p>\n","protected":false},"author":2,"featured_media":1013,"comment_status":"open","ping_status":"open","sticky":false,"template":"","format":"standard","meta":{"_jetpack_memberships_contains_paid_content":false,"footnotes":"","jetpack_publicize_message":"","jetpack_publicize_feature_enabled":true,"jetpack_social_post_already_shared":false,"jetpack_social_options":{"image_generator_settings":{"template":"highway","default_image_id":0,"font":"","enabled":false},"version":2}},"categories":[29,30,24],"tags":[233,37,61,232],"class_list":{"0":"post-1012","1":"post","2":"type-post","3":"status-publish","4":"format-standard","5":"has-post-thumbnail","7":"category-economie","8":"category-faits-divers","9":"category-news","10":"tag-blanchiment-des-capitaux","11":"tag-crief","12":"tag-detournement","13":"tag-dg-des-impots"},"jetpack_publicize_connections":[],"jetpack_featured_media_url":"https:\/\/ledenonciateur224.com\/wp-content\/uploads\/2025\/01\/mory-camara-impot.jpeg","jetpack_sharing_enabled":true,"_links":{"self":[{"href":"https:\/\/ledenonciateur224.com\/index.php\/wp-json\/wp\/v2\/posts\/1012","targetHints":{"allow":["GET"]}}],"collection":[{"href":"https:\/\/ledenonciateur224.com\/index.php\/wp-json\/wp\/v2\/posts"}],"about":[{"href":"https:\/\/ledenonciateur224.com\/index.php\/wp-json\/wp\/v2\/types\/post"}],"author":[{"embeddable":true,"href":"https:\/\/ledenonciateur224.com\/index.php\/wp-json\/wp\/v2\/users\/2"}],"replies":[{"embeddable":true,"href":"https:\/\/ledenonciateur224.com\/index.php\/wp-json\/wp\/v2\/comments?post=1012"}],"version-history":[{"count":0,"href":"https:\/\/ledenonciateur224.com\/index.php\/wp-json\/wp\/v2\/posts\/1012\/revisions"}],"wp:featuredmedia":[{"embeddable":true,"href":"https:\/\/ledenonciateur224.com\/index.php\/wp-json\/wp\/v2\/media\/1013"}],"wp:attachment":[{"href":"https:\/\/ledenonciateur224.com\/index.php\/wp-json\/wp\/v2\/media?parent=1012"}],"wp:term":[{"taxonomy":"category","embeddable":true,"href":"https:\/\/ledenonciateur224.com\/index.php\/wp-json\/wp\/v2\/categories?post=1012"},{"taxonomy":"post_tag","embeddable":true,"href":"https:\/\/ledenonciateur224.com\/index.php\/wp-json\/wp\/v2\/tags?post=1012"}],"curies":[{"name":"wp","href":"https:\/\/api.w.org\/{rel}","templated":true}]}}