{"id":1015,"date":"2025-01-22T15:06:38","date_gmt":"2025-01-22T15:06:38","guid":{"rendered":"https:\/\/ledenonciateur224.com\/?p=1015"},"modified":"2025-01-22T15:06:38","modified_gmt":"2025-01-22T15:06:38","slug":"crief-laffaire-de-lex-ministre-ibrahima-kourouma-renvoyee-au-29-janvier-2025","status":"publish","type":"post","link":"https:\/\/ledenonciateur224.com\/index.php\/crief-laffaire-de-lex-ministre-ibrahima-kourouma-renvoyee-au-29-janvier-2025\/","title":{"rendered":"CRIEF : L&rsquo;affaire de l&rsquo;ex-ministre Ibrahima Kourouma renvoy\u00e9e au 29 janvier 2025"},"content":{"rendered":"<p><span style=\"font-family: source sans pro\">L&rsquo;ancien ministre de l&rsquo;Urbanisme et de l&rsquo;Habitat sous le r\u00e9gime d&rsquo;Alpha Cond\u00e9, Ibrahima Kourouma, a de nouveau comparu devant la Cour de R\u00e9pression des Infractions \u00c9conomiques et Financi\u00e8res (CRIEF) ce mercredi 22 janvier 2025.<\/span><\/p>\n<p>&nbsp;<\/p>\n<p><span style=\"font-family: source sans pro\">\u00a0Apr\u00e8s avoir \u00e9t\u00e9 entendu, la demande de mise en libert\u00e9 provisoire, formul\u00e9e par ses avocats, a \u00e9t\u00e9 une nouvelle fois rejet\u00e9e par le juge Yagouba Cont\u00e9. L&rsquo;affaire a \u00e9t\u00e9 renvoy\u00e9e au 29 janvier 2025, o\u00f9 les d\u00e9bats seront poursuivis.<\/span><\/p>\n<p>&nbsp;<\/p>\n<p>N&rsquo;sira Sylla<\/p>\n","protected":false},"excerpt":{"rendered":"<p>L&rsquo;ancien ministre de l&rsquo;Urbanisme et de l&rsquo;Habitat sous le r\u00e9gime d&rsquo;Alpha Cond\u00e9, Ibrahima Kourouma, a de nouveau comparu devant la Cour de R\u00e9pression des Infractions \u00c9conomiques et Financi\u00e8res (CRIEF) ce mercredi 22 janvier 2025. &nbsp; \u00a0Apr\u00e8s avoir \u00e9t\u00e9 entendu, la demande de mise en libert\u00e9 provisoire, formul\u00e9e par ses avocats, a \u00e9t\u00e9 une nouvelle fois [&hellip;]<\/p>\n","protected":false},"author":2,"featured_media":781,"comment_status":"open","ping_status":"open","sticky":false,"template":"","format":"standard","meta":{"_jetpack_memberships_contains_paid_content":false,"footnotes":"","jetpack_publicize_message":"","jetpack_publicize_feature_enabled":true,"jetpack_social_post_already_shared":false,"jetpack_social_options":{"image_generator_settings":{"template":"highway","default_image_id":0,"font":"","enabled":false},"version":2}},"categories":[29,30,24],"tags":[233,36,37,61,35],"class_list":{"0":"post-1015","1":"post","2":"type-post","3":"status-publish","4":"format-standard","5":"has-post-thumbnail","7":"category-economie","8":"category-faits-divers","9":"category-news","10":"tag-blanchiment-des-capitaux","11":"tag-conakry","12":"tag-crief","13":"tag-detournement","14":"tag-guinee"},"jetpack_publicize_connections":[],"jetpack_featured_media_url":"https:\/\/ledenonciateur224.com\/wp-content\/uploads\/2025\/01\/img-20240613-171746-700-x-380-pixel.jpg","jetpack_sharing_enabled":true,"_links":{"self":[{"href":"https:\/\/ledenonciateur224.com\/index.php\/wp-json\/wp\/v2\/posts\/1015","targetHints":{"allow":["GET"]}}],"collection":[{"href":"https:\/\/ledenonciateur224.com\/index.php\/wp-json\/wp\/v2\/posts"}],"about":[{"href":"https:\/\/ledenonciateur224.com\/index.php\/wp-json\/wp\/v2\/types\/post"}],"author":[{"embeddable":true,"href":"https:\/\/ledenonciateur224.com\/index.php\/wp-json\/wp\/v2\/users\/2"}],"replies":[{"embeddable":true,"href":"https:\/\/ledenonciateur224.com\/index.php\/wp-json\/wp\/v2\/comments?post=1015"}],"version-history":[{"count":0,"href":"https:\/\/ledenonciateur224.com\/index.php\/wp-json\/wp\/v2\/posts\/1015\/revisions"}],"wp:featuredmedia":[{"embeddable":true,"href":"https:\/\/ledenonciateur224.com\/index.php\/wp-json\/wp\/v2\/media\/781"}],"wp:attachment":[{"href":"https:\/\/ledenonciateur224.com\/index.php\/wp-json\/wp\/v2\/media?parent=1015"}],"wp:term":[{"taxonomy":"category","embeddable":true,"href":"https:\/\/ledenonciateur224.com\/index.php\/wp-json\/wp\/v2\/categories?post=1015"},{"taxonomy":"post_tag","embeddable":true,"href":"https:\/\/ledenonciateur224.com\/index.php\/wp-json\/wp\/v2\/tags?post=1015"}],"curies":[{"name":"wp","href":"https:\/\/api.w.org\/{rel}","templated":true}]}}