{"id":1023,"date":"2025-01-22T19:01:02","date_gmt":"2025-01-22T19:01:02","guid":{"rendered":"https:\/\/ledenonciateur224.com\/?p=1023"},"modified":"2025-01-22T19:01:02","modified_gmt":"2025-01-22T19:01:02","slug":"guinee-le-premier-ministre-bah-oury-honore-par-le-prince-abbe-archeveque-de-sabourg","status":"publish","type":"post","link":"https:\/\/ledenonciateur224.com\/index.php\/guinee-le-premier-ministre-bah-oury-honore-par-le-prince-abbe-archeveque-de-sabourg\/","title":{"rendered":"Guin\u00e9e : Le Premier ministre Bah Oury honor\u00e9 par le Prince-Abb\u00e9 Archev\u00eaque de Sabourg"},"content":{"rendered":"<div dir=\"auto\">\n<div dir=\"auto\">\n<div dir=\"auto\">Le Premier ministre guin\u00e9en, Amadou Oury Bah, a \u00e9t\u00e9 d\u00e9cor\u00e9 Grand Officier de l\u2019Ordre de la Couronne par Son Altesse R\u00e9v\u00e9rendissime, le Prince-Abb\u00e9 Archev\u00eaque de Sabourg, Monseigneur Giovanni Luca. Cette distinction a \u00e9t\u00e9 remise lors de la visite officielle du pr\u00e9lat de la Principaut\u00e9 de Sabourg, annonc\u00e9e ce mercredi sur les r\u00e9seaux sociaux par le Premier ministre.<\/div>\n<div dir=\"auto\"><\/div>\n<\/div>\n<\/div>\n<div dir=\"auto\"><\/div>\n<div dir=\"auto\"><\/div>\n<div dir=\"auto\"><\/div>\n<div dir=\"auto\"><\/div>\n<div dir=\"auto\"><\/div>\n<div dir=\"auto\">\n<p>Ci-dessous, son message\u2026<\/p>\n<p>Je remercie Son Altesse R\u00e9v\u00e9rendissime, le Prince-Abb\u00e9 Archev\u00eaque de Sabourg, Monseigneur Giovanni Luca, de la Principaut\u00e9 de Sabourg, pour l\u2019honneur qui m\u2019a \u00e9t\u00e9 fait \u00e0 travers ma d\u00e9coration en tant que Grand Officier de l\u2019Ordre de la Couronne. Sa visite, visant \u00e0 renforcer les liens diplomatiques et culturels entre nos deux nations, symbolise l\u2019amiti\u00e9 et les perspectives de partenariats fructueux.<\/p>\n<\/div>\n","protected":false},"excerpt":{"rendered":"<p>Le Premier ministre guin\u00e9en, Amadou Oury Bah, a \u00e9t\u00e9 d\u00e9cor\u00e9 Grand Officier de l\u2019Ordre de la Couronne par Son Altesse R\u00e9v\u00e9rendissime, le Prince-Abb\u00e9 Archev\u00eaque de Sabourg, Monseigneur Giovanni Luca. Cette distinction a \u00e9t\u00e9 remise lors de la visite officielle du pr\u00e9lat de la Principaut\u00e9 de Sabourg, annonc\u00e9e ce mercredi sur les r\u00e9seaux sociaux par le [&hellip;]<\/p>\n","protected":false},"author":2,"featured_media":1024,"comment_status":"open","ping_status":"open","sticky":false,"template":"","format":"standard","meta":{"_jetpack_memberships_contains_paid_content":false,"footnotes":"","jetpack_publicize_message":"","jetpack_publicize_feature_enabled":true,"jetpack_social_post_already_shared":false,"jetpack_social_options":{"image_generator_settings":{"template":"highway","default_image_id":0,"font":"","enabled":false},"version":2}},"categories":[30,24],"tags":[236,235],"class_list":{"0":"post-1023","1":"post","2":"type-post","3":"status-publish","4":"format-standard","5":"has-post-thumbnail","7":"category-faits-divers","8":"category-news","9":"tag-le-pm-bah-oury","10":"tag-le-premier-ministre-guineen"},"jetpack_publicize_connections":[],"jetpack_featured_media_url":"https:\/\/ledenonciateur224.com\/wp-content\/uploads\/2025\/01\/fb-img-1737564842318.jpg","jetpack_sharing_enabled":true,"_links":{"self":[{"href":"https:\/\/ledenonciateur224.com\/index.php\/wp-json\/wp\/v2\/posts\/1023","targetHints":{"allow":["GET"]}}],"collection":[{"href":"https:\/\/ledenonciateur224.com\/index.php\/wp-json\/wp\/v2\/posts"}],"about":[{"href":"https:\/\/ledenonciateur224.com\/index.php\/wp-json\/wp\/v2\/types\/post"}],"author":[{"embeddable":true,"href":"https:\/\/ledenonciateur224.com\/index.php\/wp-json\/wp\/v2\/users\/2"}],"replies":[{"embeddable":true,"href":"https:\/\/ledenonciateur224.com\/index.php\/wp-json\/wp\/v2\/comments?post=1023"}],"version-history":[{"count":0,"href":"https:\/\/ledenonciateur224.com\/index.php\/wp-json\/wp\/v2\/posts\/1023\/revisions"}],"wp:featuredmedia":[{"embeddable":true,"href":"https:\/\/ledenonciateur224.com\/index.php\/wp-json\/wp\/v2\/media\/1024"}],"wp:attachment":[{"href":"https:\/\/ledenonciateur224.com\/index.php\/wp-json\/wp\/v2\/media?parent=1023"}],"wp:term":[{"taxonomy":"category","embeddable":true,"href":"https:\/\/ledenonciateur224.com\/index.php\/wp-json\/wp\/v2\/categories?post=1023"},{"taxonomy":"post_tag","embeddable":true,"href":"https:\/\/ledenonciateur224.com\/index.php\/wp-json\/wp\/v2\/tags?post=1023"}],"curies":[{"name":"wp","href":"https:\/\/api.w.org\/{rel}","templated":true}]}}