{"id":1026,"date":"2025-01-22T21:12:33","date_gmt":"2025-01-22T21:12:33","guid":{"rendered":"https:\/\/ledenonciateur224.com\/?p=1026"},"modified":"2025-01-22T21:12:33","modified_gmt":"2025-01-22T21:12:33","slug":"decret-revocation-du-directeur-general-et-de-son-adjoint-du-patrimoine-bati-public","status":"publish","type":"post","link":"https:\/\/ledenonciateur224.com\/index.php\/decret-revocation-du-directeur-general-et-de-son-adjoint-du-patrimoine-bati-public\/","title":{"rendered":"D\u00e9cret: R\u00e9vocation du Directeur G\u00e9n\u00e9ral et de son adjoint du Patrimoine B\u00e2ti Public"},"content":{"rendered":"<p><span style=\"color: #333333;font-family: helvetica neue, helvetica, roboto, arial, sans-serif\">Le 22 janvier 2025, un d\u00e9cret du pr\u00e9sident de la R\u00e9publique, le g\u00e9n\u00e9ral Mamadi Doumbouya, a annonc\u00e9 la r\u00e9vocation de Mohamed Doussou Traor\u00e9, Directeur G\u00e9n\u00e9ral du Patrimoine B\u00e2ti Public, ainsi que de son adjoint, Aly Soumah. Cette d\u00e9cision fait suite \u00e0 des accusations graves de d\u00e9tournement de fonds et de mauvaise gestion au sein de l&rsquo;institution.<\/span><\/p>\n<p>&nbsp;<\/p>\n<p>&nbsp;<\/p>\n<p><span style=\"color: #333333;font-family: helvetica neue, helvetica, roboto, arial, sans-serif\">Le d\u00e9cret souligne que la gestion du patrimoine public, un secteur strat\u00e9gique pour l&rsquo;\u00c9tat, a souffert de dysfonctionnements notables sous la direction des deux responsables. En attendant leur remplacement, la gestion de l&rsquo;entit\u00e9 sera assur\u00e9e par le ministre secr\u00e9taire g\u00e9n\u00e9ral de la pr\u00e9sidence. Cette d\u00e9cision s&rsquo;inscrit dans une d\u00e9marche de rigueur visant \u00e0 renforcer la transparence et l&rsquo;efficacit\u00e9 dans la gestion des ressources publiques.<\/span><\/p>\n<p>&nbsp;<\/p>\n<p>&nbsp;<\/p>\n<p>Ledenonciateur224.com<\/p>\n","protected":false},"excerpt":{"rendered":"<p>Le 22 janvier 2025, un d\u00e9cret du pr\u00e9sident de la R\u00e9publique, le g\u00e9n\u00e9ral Mamadi Doumbouya, a annonc\u00e9 la r\u00e9vocation de Mohamed Doussou Traor\u00e9, Directeur G\u00e9n\u00e9ral du Patrimoine B\u00e2ti Public, ainsi que de son adjoint, Aly Soumah. Cette d\u00e9cision fait suite \u00e0 des accusations graves de d\u00e9tournement de fonds et de mauvaise gestion au sein de [&hellip;]<\/p>\n","protected":false},"author":2,"featured_media":1027,"comment_status":"open","ping_status":"open","sticky":false,"template":"","format":"standard","meta":{"_jetpack_memberships_contains_paid_content":false,"footnotes":"","jetpack_publicize_message":"","jetpack_publicize_feature_enabled":true,"jetpack_social_post_already_shared":false,"jetpack_social_options":{"image_generator_settings":{"template":"highway","default_image_id":0,"font":"","enabled":false},"version":2}},"categories":[24,27],"tags":[100],"class_list":{"0":"post-1026","1":"post","2":"type-post","3":"status-publish","4":"format-standard","5":"has-post-thumbnail","7":"category-news","8":"category-politique","9":"tag-decret-du-president"},"jetpack_publicize_connections":[],"jetpack_featured_media_url":"https:\/\/ledenonciateur224.com\/wp-content\/uploads\/2025\/01\/mohamed-doussou-traor-alias-ouattara-photocalb18643.jpg","jetpack_sharing_enabled":true,"_links":{"self":[{"href":"https:\/\/ledenonciateur224.com\/index.php\/wp-json\/wp\/v2\/posts\/1026","targetHints":{"allow":["GET"]}}],"collection":[{"href":"https:\/\/ledenonciateur224.com\/index.php\/wp-json\/wp\/v2\/posts"}],"about":[{"href":"https:\/\/ledenonciateur224.com\/index.php\/wp-json\/wp\/v2\/types\/post"}],"author":[{"embeddable":true,"href":"https:\/\/ledenonciateur224.com\/index.php\/wp-json\/wp\/v2\/users\/2"}],"replies":[{"embeddable":true,"href":"https:\/\/ledenonciateur224.com\/index.php\/wp-json\/wp\/v2\/comments?post=1026"}],"version-history":[{"count":0,"href":"https:\/\/ledenonciateur224.com\/index.php\/wp-json\/wp\/v2\/posts\/1026\/revisions"}],"wp:featuredmedia":[{"embeddable":true,"href":"https:\/\/ledenonciateur224.com\/index.php\/wp-json\/wp\/v2\/media\/1027"}],"wp:attachment":[{"href":"https:\/\/ledenonciateur224.com\/index.php\/wp-json\/wp\/v2\/media?parent=1026"}],"wp:term":[{"taxonomy":"category","embeddable":true,"href":"https:\/\/ledenonciateur224.com\/index.php\/wp-json\/wp\/v2\/categories?post=1026"},{"taxonomy":"post_tag","embeddable":true,"href":"https:\/\/ledenonciateur224.com\/index.php\/wp-json\/wp\/v2\/tags?post=1026"}],"curies":[{"name":"wp","href":"https:\/\/api.w.org\/{rel}","templated":true}]}}