{"id":1039,"date":"2025-01-23T15:40:16","date_gmt":"2025-01-23T15:40:16","guid":{"rendered":"https:\/\/ledenonciateur224.com\/?p=1039"},"modified":"2025-01-23T15:40:16","modified_gmt":"2025-01-23T15:40:16","slug":"laes-annonce-la-creation-dune-force-unifiee-de-5000-hommes-marquant-son-depart-de-la-cedeao","status":"publish","type":"post","link":"https:\/\/ledenonciateur224.com\/index.php\/laes-annonce-la-creation-dune-force-unifiee-de-5000-hommes-marquant-son-depart-de-la-cedeao\/","title":{"rendered":"L\u2019AES annonce la cr\u00e9ation d\u2019une force unifi\u00e9e de 5000 hommes, marquant son d\u00e9part de la CEDEAO"},"content":{"rendered":"<h1><span style=\"color: #111111;font-family: georgia, lucida grande, lucida sans unicode, arial, verdana, sans-serif\">L\u2019Association des \u00c9tats du Sahel (AES), regroupant le Mali, le Niger et le Burkina Faso, a annonc\u00e9 la mise en place d\u2019une force militaire unifi\u00e9e de 5000 hommes, visant \u00e0 renforcer la lutte contre le terrorisme dans la r\u00e9gion. <\/span><\/h1>\n<h1><\/h1>\n<h1><span style=\"color: #111111;font-family: georgia, lucida grande, lucida sans unicode, arial, verdana, sans-serif\">Cette annonce intervient \u00e0 l\u2019aube du d\u00e9part officiel de ces pays de la CEDEAO, pr\u00e9vu pour le 29 janvier 2025, apr\u00e8s le coup d\u2019\u00c9tat militaire au Niger en 2023.<\/span><\/h1>\n<h1><span style=\"color: #111111;font-family: georgia, lucida grande, lucida sans unicode, arial, verdana, sans-serif\">\u00a0<\/span><\/h1>\n<h1><span style=\"color: #111111;font-family: georgia, lucida grande, lucida sans unicode, arial, verdana, sans-serif\">Le g\u00e9n\u00e9ral Salifou Mody, ministre de la D\u00e9fense du Niger, a pr\u00e9cis\u00e9 que cette force, qui sera \u00e9quip\u00e9e de moyens a\u00e9riens, terrestres et de renseignement, est d\u00e9j\u00e0 en pr\u00e9paration. Elle sera d\u00e9ploy\u00e9e sur tout le territoire de l\u2019AES pour r\u00e9pondre aux menaces djihadistes communes. Les trois pays ont commenc\u00e9 \u00e0 mener des op\u00e9rations conjointes, qui ont d\u00e9j\u00e0 montr\u00e9 des r\u00e9sultats positifs, gr\u00e2ce \u00e0 une excellente coordination entre leurs forces arm\u00e9es.<\/span><\/h1>\n<h1><span style=\"color: #111111;font-family: georgia, lucida grande, lucida sans unicode, arial, verdana, sans-serif\">\u00a0<\/span><\/h1>\n<h1><span style=\"color: #111111;font-family: georgia, lucida grande, lucida sans unicode, arial, verdana, sans-serif\">Le g\u00e9n\u00e9ral Mody a soulign\u00e9 que l\u2019AES \u00e9tait n\u00e9e de la n\u00e9cessit\u00e9 de renforcer la coop\u00e9ration en mati\u00e8re de s\u00e9curit\u00e9 face \u00e0 des menaces transfrontali\u00e8res croissantes. En mettant en place cette force unifi\u00e9e, les trois pays entendent non seulement mutualiser leurs efforts, mais aussi assurer la s\u00e9curit\u00e9 de leurs populations contre les groupes criminels et terroristes.<\/span><\/h1>\n<h1><span style=\"color: #111111;font-family: georgia, lucida grande, lucida sans unicode, arial, verdana, sans-serif\">\u00a0<\/span><\/h1>\n<h1><span style=\"color: #111111;font-family: georgia, lucida grande, lucida sans unicode, arial, verdana, sans-serif\">La d\u00e9cision de quitter la CEDEAO et de cr\u00e9er cette force commune marque un tournant dans la strat\u00e9gie de d\u00e9fense de ces pays, qui cherchent \u00e0 pr\u00e9server leur autonomie face aux pressions internationales. La force unifi\u00e9e pourrait \u00eatre d\u00e9ploy\u00e9e rapidement pour intervenir dans la r\u00e9gion, renfor\u00e7ant ainsi la capacit\u00e9 de l\u2019AES \u00e0 faire face aux d\u00e9fis s\u00e9curitaires.<\/span><\/h1>\n<p>&nbsp;<\/p>\n<p>&nbsp;<\/p>\n","protected":false},"excerpt":{"rendered":"<p>L\u2019Association des \u00c9tats du Sahel (AES), regroupant le Mali, le Niger et le Burkina Faso, a annonc\u00e9 la mise en place d\u2019une force militaire unifi\u00e9e de 5000 hommes, visant \u00e0 renforcer la lutte contre le terrorisme dans la r\u00e9gion. Cette annonce intervient \u00e0 l\u2019aube du d\u00e9part officiel de ces pays de la CEDEAO, pr\u00e9vu pour [&hellip;]<\/p>\n","protected":false},"author":2,"featured_media":1040,"comment_status":"open","ping_status":"open","sticky":false,"template":"","format":"standard","meta":{"_jetpack_memberships_contains_paid_content":false,"footnotes":"","jetpack_publicize_message":"","jetpack_publicize_feature_enabled":true,"jetpack_social_post_already_shared":false,"jetpack_social_options":{"image_generator_settings":{"template":"highway","default_image_id":0,"font":"","enabled":false},"version":2}},"categories":[38,24],"tags":[52,239,66],"class_list":{"0":"post-1039","1":"post","2":"type-post","3":"status-publish","4":"format-standard","5":"has-post-thumbnail","7":"category-international","8":"category-news","9":"tag-cedeao","10":"tag-les-pays-du-sahel","11":"tag-transition"},"jetpack_publicize_connections":[],"jetpack_featured_media_url":"https:\/\/ledenonciateur224.com\/wp-content\/uploads\/2025\/01\/goita-traore-thciiani.jpg","jetpack_sharing_enabled":true,"_links":{"self":[{"href":"https:\/\/ledenonciateur224.com\/index.php\/wp-json\/wp\/v2\/posts\/1039","targetHints":{"allow":["GET"]}}],"collection":[{"href":"https:\/\/ledenonciateur224.com\/index.php\/wp-json\/wp\/v2\/posts"}],"about":[{"href":"https:\/\/ledenonciateur224.com\/index.php\/wp-json\/wp\/v2\/types\/post"}],"author":[{"embeddable":true,"href":"https:\/\/ledenonciateur224.com\/index.php\/wp-json\/wp\/v2\/users\/2"}],"replies":[{"embeddable":true,"href":"https:\/\/ledenonciateur224.com\/index.php\/wp-json\/wp\/v2\/comments?post=1039"}],"version-history":[{"count":0,"href":"https:\/\/ledenonciateur224.com\/index.php\/wp-json\/wp\/v2\/posts\/1039\/revisions"}],"wp:featuredmedia":[{"embeddable":true,"href":"https:\/\/ledenonciateur224.com\/index.php\/wp-json\/wp\/v2\/media\/1040"}],"wp:attachment":[{"href":"https:\/\/ledenonciateur224.com\/index.php\/wp-json\/wp\/v2\/media?parent=1039"}],"wp:term":[{"taxonomy":"category","embeddable":true,"href":"https:\/\/ledenonciateur224.com\/index.php\/wp-json\/wp\/v2\/categories?post=1039"},{"taxonomy":"post_tag","embeddable":true,"href":"https:\/\/ledenonciateur224.com\/index.php\/wp-json\/wp\/v2\/tags?post=1039"}],"curies":[{"name":"wp","href":"https:\/\/api.w.org\/{rel}","templated":true}]}}