{"id":1042,"date":"2025-01-23T16:22:20","date_gmt":"2025-01-23T16:22:20","guid":{"rendered":"https:\/\/ledenonciateur224.com\/?p=1042"},"modified":"2025-01-23T16:22:20","modified_gmt":"2025-01-23T16:22:20","slug":"conakry-voici-ce-dont-souffre-mandian-sidibe","status":"publish","type":"post","link":"https:\/\/ledenonciateur224.com\/index.php\/conakry-voici-ce-dont-souffre-mandian-sidibe\/","title":{"rendered":"Conakry :\u00a0Voici ce dont souffre Mandian Sidib\u00e9\u2026"},"content":{"rendered":"<p><span style=\"color: #222222;font-family: verdana, geneva, sans-serif\"><b>En prison depuis plus de trois semaines, l\u2019ex-directeur g\u00e9n\u00e9ral de l\u2019Office Guin\u00e9en de Publicit\u00e9 (OGP) est tr\u00e8s malade. Sa sant\u00e9 tr\u00e8s fragile inqui\u00e8te ses proches.<\/b><\/span><\/p>\n<p>&nbsp;<\/p>\n<p><span style=\"color: #222222;font-family: verdana, geneva, sans-serif\"><b>Depuis son inculpation et son placement sous mandat de d\u00e9p\u00f4t \u00e0 la Maison centrale de Conakry le 31 d\u00e9cembre dernier pour d\u00e9tournement pr\u00e9sum\u00e9 de 78 milliards de francs guin\u00e9ens -information MediaGuinee-, tout s\u2019est brusquement d\u00e9grad\u00e9 pour Mandian qui a \u00e9t\u00e9 admis dans un centre hospitalier de Conakry. D\u2019abord le jeudi dernier dans l\u2019apr\u00e8s-midi, mais \u00e9galement le lendemain apr\u00e8s rechute.<\/b><\/span><\/p>\n<p><span style=\"color: #222222;font-family: verdana, geneva, sans-serif\"><b>Contrairement aux folles rumeurs de fuite propag\u00e9es sur les r\u00e9seaux sociaux, Mandian est bel et bien en soins dans un h\u00f4pital du centre-ville de la capitale Conakry.<\/b><\/span><\/p>\n<p><span style=\"color: #222222;font-family: verdana, geneva, sans-serif\"><b>L\u2019homme \u00e0 la sant\u00e9 pr\u00e9caire \u00ab souffre de prostate aigu\u00eb provoqu\u00e9e par une erreur m\u00e9dicale en France \u00bb.<\/b><\/span><\/p>\n<p>&nbsp;<\/p>\n<p><span style=\"color: #222222;font-family: verdana, geneva, sans-serif\"><b>\u00bbMandian Sidib\u00e9 est tr\u00e8s malade, le tout aggrav\u00e9 par le stress de la prison. Sa sant\u00e9 s\u2019est beaucoup d\u00e9t\u00e9rior\u00e9e. Il souffrirait d\u2019h\u00e9maturie et de plusieurs autres maladies. Le garder en d\u00e9tention compliquerait sa situation. On doit le placer sous contr\u00f4le judiciaire pour lui permettre de se soigner. \u00c0 d\u00e9faut de le laisser aller se soigner en France. Les m\u00e9decins ont confirm\u00e9 la gravit\u00e9 de son \u00e9tat actuel. Vaut mieux avoir en vie un pr\u00e9venu quelle que soit la faute commise. Faute de traitement ad\u00e9quat, Mandian risque gros \u00bb, confie un proche de M. Sidib\u00e9 qui s\u2019efforce de contenir ses \u00e9motions<\/b><\/span><\/p>\n<p>&nbsp;<\/p>\n<p><span style=\"color: #222222;font-family: verdana, geneva, sans-serif\"><b>Aujourd\u2019hui, avec la confiscation de tous ses documents de voyage, Mandian -qui b\u00e9n\u00e9ficie d\u2019un traitement gratuit et \u00e0 vie en France- est oblig\u00e9 de rester \u00e0 Conakry. Entre la prison et l\u2019h\u00f4pital entour\u00e9 de machines.<\/b><\/span><\/p>\n<p><span style=\"color: #222222;font-family: verdana, geneva, sans-serif\"><b>Aussi faut-il noter que c\u2019est le 14 d\u00e9cembre dernier que Mandian Sidib\u00e9 a \u00e9t\u00e9 limog\u00e9 par le chef de l\u2019Etat pour \u00ab mauvaise gestion \u00bb.<\/b><\/span><\/p>\n<p>&nbsp;<\/p>\n<p><span style=\"color: #222222;font-family: verdana, geneva, sans-serif\"><b>Source: mediaguinee<\/b><\/span><\/p>\n","protected":false},"excerpt":{"rendered":"<p>En prison depuis plus de trois semaines, l\u2019ex-directeur g\u00e9n\u00e9ral de l\u2019Office Guin\u00e9en de Publicit\u00e9 (OGP) est tr\u00e8s malade. Sa sant\u00e9 tr\u00e8s fragile inqui\u00e8te ses proches. &nbsp; Depuis son inculpation et son placement sous mandat de d\u00e9p\u00f4t \u00e0 la Maison centrale de Conakry le 31 d\u00e9cembre dernier pour d\u00e9tournement pr\u00e9sum\u00e9 de 78 milliards de francs guin\u00e9ens [&hellip;]<\/p>\n","protected":false},"author":2,"featured_media":1043,"comment_status":"open","ping_status":"open","sticky":false,"template":"","format":"standard","meta":{"_jetpack_memberships_contains_paid_content":false,"footnotes":"","jetpack_publicize_message":"","jetpack_publicize_feature_enabled":true,"jetpack_social_post_already_shared":false,"jetpack_social_options":{"image_generator_settings":{"template":"highway","default_image_id":0,"font":"","enabled":false},"version":2}},"categories":[30,24],"tags":[37,83],"class_list":{"0":"post-1042","1":"post","2":"type-post","3":"status-publish","4":"format-standard","5":"has-post-thumbnail","7":"category-faits-divers","8":"category-news","9":"tag-crief","10":"tag-mandian-sidibe"},"jetpack_publicize_connections":[],"jetpack_featured_media_url":"https:\/\/ledenonciateur224.com\/wp-content\/uploads\/2025\/01\/fb-img-1737649323747.jpg","jetpack_sharing_enabled":true,"_links":{"self":[{"href":"https:\/\/ledenonciateur224.com\/index.php\/wp-json\/wp\/v2\/posts\/1042","targetHints":{"allow":["GET"]}}],"collection":[{"href":"https:\/\/ledenonciateur224.com\/index.php\/wp-json\/wp\/v2\/posts"}],"about":[{"href":"https:\/\/ledenonciateur224.com\/index.php\/wp-json\/wp\/v2\/types\/post"}],"author":[{"embeddable":true,"href":"https:\/\/ledenonciateur224.com\/index.php\/wp-json\/wp\/v2\/users\/2"}],"replies":[{"embeddable":true,"href":"https:\/\/ledenonciateur224.com\/index.php\/wp-json\/wp\/v2\/comments?post=1042"}],"version-history":[{"count":0,"href":"https:\/\/ledenonciateur224.com\/index.php\/wp-json\/wp\/v2\/posts\/1042\/revisions"}],"wp:featuredmedia":[{"embeddable":true,"href":"https:\/\/ledenonciateur224.com\/index.php\/wp-json\/wp\/v2\/media\/1043"}],"wp:attachment":[{"href":"https:\/\/ledenonciateur224.com\/index.php\/wp-json\/wp\/v2\/media?parent=1042"}],"wp:term":[{"taxonomy":"category","embeddable":true,"href":"https:\/\/ledenonciateur224.com\/index.php\/wp-json\/wp\/v2\/categories?post=1042"},{"taxonomy":"post_tag","embeddable":true,"href":"https:\/\/ledenonciateur224.com\/index.php\/wp-json\/wp\/v2\/tags?post=1042"}],"curies":[{"name":"wp","href":"https:\/\/api.w.org\/{rel}","templated":true}]}}