{"id":1051,"date":"2025-01-23T22:17:43","date_gmt":"2025-01-23T22:17:43","guid":{"rendered":"https:\/\/ledenonciateur224.com\/?p=1051"},"modified":"2025-01-23T22:17:43","modified_gmt":"2025-01-23T22:17:43","slug":"incendie-de-tanene-mosquee-les-victimes-toujours-sans-reparation-apres-presque-un-an","status":"publish","type":"post","link":"https:\/\/ledenonciateur224.com\/index.php\/incendie-de-tanene-mosquee-les-victimes-toujours-sans-reparation-apres-presque-un-an\/","title":{"rendered":"Incendie de Tan\u00e8n\u00e8 Mosqu\u00e9e : Les victimes toujours sans r\u00e9paration apr\u00e8s presque un an"},"content":{"rendered":"<p>Pr\u00e8s d\u2019un an apr\u00e8s l\u2019incendie du 27 f\u00e9vrier 2023, survenu \u00e0 la suite d\u2019un sinistre li\u00e9 \u00e0 une antenne de la soci\u00e9t\u00e9 Orange Guin\u00e9e \u00e0 Tan\u00e8n\u00e8 Mosqu\u00e9e, les victimes r\u00e9clament toujours la r\u00e9paration des dommages. Bien qu\u2019aucune perte en vie humaine n\u2019ait \u00e9t\u00e9 d\u00e9plor\u00e9e, un immeuble R+3 et son contenu ont \u00e9t\u00e9 d\u00e9truits. Malgr\u00e9 des d\u00e9marches et une plainte d\u00e9pos\u00e9e au tribunal de commerce, aucune solution n\u2019a \u00e9t\u00e9 apport\u00e9e. Le porte-parole des victimes, Fod\u00e9 Bangaly Sylla, revient sur leur situation dans un entretien r\u00e9alis\u00e9 le 23 janvier 2025.<\/p>\n<p>&nbsp;<\/p>\n<p><img loading=\"lazy\" decoding=\"async\" class=\"alignnone size-medium wp-image-1053\" src=\"https:\/\/ledenonciateur224.com\/wp-content\/uploads\/2025\/01\/img-20250123-wa0041-768x346-1-300x135.jpg\" alt=\"\" width=\"300\" height=\"135\" srcset=\"https:\/\/ledenonciateur224.com\/wp-content\/uploads\/2025\/01\/img-20250123-wa0041-768x346-1-300x135.jpg 300w, https:\/\/ledenonciateur224.com\/wp-content\/uploads\/2025\/01\/img-20250123-wa0041-768x346-1-150x68.jpg 150w, https:\/\/ledenonciateur224.com\/wp-content\/uploads\/2025\/01\/img-20250123-wa0041-768x346-1-696x314.jpg 696w, https:\/\/ledenonciateur224.com\/wp-content\/uploads\/2025\/01\/img-20250123-wa0041-768x346-1.jpg 768w\" sizes=\"auto, (max-width: 300px) 100vw, 300px\" \/><\/p>\n<div dir=\"auto\">\u00abIci nous sommes dans notre ancienne habitation. Il y a peu pr\u00e8s un an de cela, nous avons \u00e9t\u00e9 victimes d\u2019un incendie provoqu\u00e9 par une antenne de orange Guin\u00e9e. Ce jour, j\u2019ai re\u00e7u un coup de file par une voisine soi-disant que notre b\u00e2timent a pris feu. Et quand je suis venu franchement j\u2019ai trouv\u00e9 que tout est parti en fum\u00e9, j\u2019ai tout perdu m\u00eame une aiguille n\u2019est pas sortie dans ma chambre. J\u2019avais seulement le seul compte sinon rien apr\u00e8s.\u00a0 Alors que l\u2019incendie \u00e9t\u00e9 provoqu\u00e9 par l\u2019antenne de orange Guin\u00e9e\u00bb, souligne t-il.<\/div>\n<div dir=\"auto\"><\/div>\n<div dir=\"auto\"><\/div>\n<div dir=\"auto\"><\/div>\n<div dir=\"auto\">Fod\u00e9 Bangaly Sylla a ensuite indiqu\u00e9 qu\u2019apr\u00e8s le drame, ils ont men\u00e9 plusieurs d\u00e9marches aupr\u00e8s de la soci\u00e9t\u00e9 qui sont rest\u00e9es sans succ\u00e8s.<\/div>\n<div dir=\"auto\"><\/div>\n<div dir=\"auto\"><\/div>\n<div dir=\"auto\"><\/div>\n<div dir=\"auto\">\u00abNous avons men\u00e9 beaucoup de d\u00e9marches mais jusqu\u2019\u00e0 pr\u00e9sent la soci\u00e9t\u00e9 orange nous a pas d\u00e9dommag\u00e9, rien. Et lors de l\u2019incendie, il y a eu des vols, les gens qui sont venus \u00e9teindre le feu ont pris nos objets de valeurs, t\u00e9l\u00e9phones argent et d\u2019autres. Donc on a tout perdu. Aujourd\u2019hui nous sommes chez nos amis, il y a d\u2019autres qui ont envoy\u00e9 leurs familles au village par maque de place\u00bb, a d\u00e9clar\u00e9 le porte-parole des victimes<\/div>\n<div dir=\"auto\"><\/div>\n<div dir=\"auto\"><\/div>\n<div dir=\"auto\"><\/div>\n<div dir=\"auto\"><\/div>\n<div dir=\"auto\">Quant-\u00e0 l\u2019ancien Chef de quartier de Tan\u00e8n\u00e9 Mosqu\u00e9e, El hadj Aly Badra Camara, aussi victime de l\u2019incendie mais en ce moment chef de quartier \u00e0 mentionn\u00e9 les d\u00e9marches effectu\u00e9es.<\/div>\n<div dir=\"auto\"><\/div>\n<div dir=\"auto\">\u00abMoi je suis victime aussi parce que quand le feu a pris l\u2019immeuble les gens montaient sur ma maison pour traverser aller \u00e9teindre le feu. Une grande partie de ma maison a \u00e9t\u00e9 d\u00e9truite. Mais il n\u2019y a pas ce qu\u2019on n\u2019a pas fait aupr\u00e8s de la soci\u00e9t\u00e9 d\u2019Orange Guin\u00e9e pour qu\u2019au moins prendre en charge les victimes, les loger mais rien. C\u2019est pourquoi depuis l\u2019incendie les gens ne dorment plus dans cette maison qui est coll\u00e9 \u00e0 l\u2019\u00e9tage parce qu\u2019il y a un risque total\u00bb, a-t-il d\u00e9plor\u00e9<\/div>\n<div dir=\"auto\"><\/div>\n<div dir=\"auto\"><\/div>\n<div dir=\"auto\"><\/div>\n<div dir=\"auto\">R\u00e9alis\u00e9 par Facinet Camara<\/div>\n","protected":false},"excerpt":{"rendered":"<p>Pr\u00e8s d\u2019un an apr\u00e8s l\u2019incendie du 27 f\u00e9vrier 2023, survenu \u00e0 la suite d\u2019un sinistre li\u00e9 \u00e0 une antenne de la soci\u00e9t\u00e9 Orange Guin\u00e9e \u00e0 Tan\u00e8n\u00e8 Mosqu\u00e9e, les victimes r\u00e9clament toujours la r\u00e9paration des dommages. Bien qu\u2019aucune perte en vie humaine n\u2019ait \u00e9t\u00e9 d\u00e9plor\u00e9e, un immeuble R+3 et son contenu ont \u00e9t\u00e9 d\u00e9truits. Malgr\u00e9 des [&hellip;]<\/p>\n","protected":false},"author":2,"featured_media":1052,"comment_status":"open","ping_status":"open","sticky":false,"template":"","format":"standard","meta":{"_jetpack_memberships_contains_paid_content":false,"footnotes":"","jetpack_publicize_message":"","jetpack_publicize_feature_enabled":true,"jetpack_social_post_already_shared":false,"jetpack_social_options":{"image_generator_settings":{"template":"highway","default_image_id":0,"font":"","enabled":false},"version":2}},"categories":[30,24],"tags":[36,35,172,45],"class_list":{"0":"post-1051","1":"post","2":"type-post","3":"status-publish","4":"format-standard","5":"has-post-thumbnail","7":"category-faits-divers","8":"category-news","9":"tag-conakry","10":"tag-guinee","11":"tag-incendie","12":"tag-victimes"},"jetpack_publicize_connections":[],"jetpack_featured_media_url":"https:\/\/ledenonciateur224.com\/wp-content\/uploads\/2025\/01\/pylone-telecoms.jpeg","jetpack_sharing_enabled":true,"_links":{"self":[{"href":"https:\/\/ledenonciateur224.com\/index.php\/wp-json\/wp\/v2\/posts\/1051","targetHints":{"allow":["GET"]}}],"collection":[{"href":"https:\/\/ledenonciateur224.com\/index.php\/wp-json\/wp\/v2\/posts"}],"about":[{"href":"https:\/\/ledenonciateur224.com\/index.php\/wp-json\/wp\/v2\/types\/post"}],"author":[{"embeddable":true,"href":"https:\/\/ledenonciateur224.com\/index.php\/wp-json\/wp\/v2\/users\/2"}],"replies":[{"embeddable":true,"href":"https:\/\/ledenonciateur224.com\/index.php\/wp-json\/wp\/v2\/comments?post=1051"}],"version-history":[{"count":0,"href":"https:\/\/ledenonciateur224.com\/index.php\/wp-json\/wp\/v2\/posts\/1051\/revisions"}],"wp:featuredmedia":[{"embeddable":true,"href":"https:\/\/ledenonciateur224.com\/index.php\/wp-json\/wp\/v2\/media\/1052"}],"wp:attachment":[{"href":"https:\/\/ledenonciateur224.com\/index.php\/wp-json\/wp\/v2\/media?parent=1051"}],"wp:term":[{"taxonomy":"category","embeddable":true,"href":"https:\/\/ledenonciateur224.com\/index.php\/wp-json\/wp\/v2\/categories?post=1051"},{"taxonomy":"post_tag","embeddable":true,"href":"https:\/\/ledenonciateur224.com\/index.php\/wp-json\/wp\/v2\/tags?post=1051"}],"curies":[{"name":"wp","href":"https:\/\/api.w.org\/{rel}","templated":true}]}}