{"id":1067,"date":"2025-01-24T22:49:14","date_gmt":"2025-01-24T22:49:14","guid":{"rendered":"https:\/\/ledenonciateur224.com\/?p=1067"},"modified":"2025-01-24T22:49:14","modified_gmt":"2025-01-24T22:49:14","slug":"la-coalition-copamoc-md-soutient-la-candidature-de-mamadi-doumbouya-aux-elections-presidentielles","status":"publish","type":"post","link":"https:\/\/ledenonciateur224.com\/index.php\/la-coalition-copamoc-md-soutient-la-candidature-de-mamadi-doumbouya-aux-elections-presidentielles\/","title":{"rendered":"La coalition COPAMOC-MD soutient la candidature de Mamadi Doumbouya aux \u00e9lections pr\u00e9sidentielles"},"content":{"rendered":"<div dir=\"auto\">\n<div dir=\"auto\">Alors que de nombreux partis et organisations s&rsquo;opposent \u00e0 une prolongation de la transition en Guin\u00e9e, la Coalition de Partis Politiques et Mouvements pour la Candidature de Mamadi Doumbouya (COPAMOC-MD) a exprim\u00e9 son soutien \u00e0 la candidature du pr\u00e9sident du CNRD pour les futures \u00e9lections pr\u00e9sidentielles. Lors d\u2019une conf\u00e9rence de presse le 24 janvier 2025, la coalition a justifi\u00e9 cette position en affirmant que Mamadi Doumbouya devait \u00eatre encourag\u00e9 \u00e0 se porter candidat pour pr\u00e9server le pays de ceux qu&rsquo;ils accusent d\u2019avoir pill\u00e9 ses ressources. Ils estiment qu\u2019il est essentiel de garantir un avenir stable pour la Guin\u00e9e, m\u00eame si le pr\u00e9sident de la transition n\u2019a pas encore exprim\u00e9 cette volont\u00e9.<\/div>\n<div dir=\"auto\">\n<div dir=\"auto\"><\/div>\n<\/div>\n<\/div>\n<div dir=\"auto\"><\/div>\n<div dir=\"auto\"><\/div>\n<div dir=\"auto\">\n<div dir=\"auto\">\u00ab<em><strong>M\u00eame si lui n\u2019a pas envie de le faire, il faut l\u2019encourager l\u2019inviter \u00e0 accepter dans l\u2019int\u00e9r\u00eat du peuple de Guin\u00e9e pour \u00e9viter que la Guin\u00e9e tombe dans les mains des bandits, pour \u00e9viter que la Guin\u00e9e tombe dans les mains des m\u00eames fossoyeurs d\u2019hier, pour \u00e9viter que la Guin\u00e9e dans les mains de ceux qui ne voyent que leurs int\u00e9r\u00eats et l\u2019int\u00e9r\u00eat de leurs enfants. Donc notre coalition estime que Mamadi Doumbouya est celui-l\u00e0 qui est en train de mettre tous les Guin\u00e9e ensemble pour d\u00e9fendre leur int\u00e9r\u00eat g\u00e9n\u00e9ral au lieu de d\u00e9fendre des int\u00e9r\u00eats \u00e9go\u00efstes<\/strong><\/em>\u00bb, a-t-il d\u00e9clar\u00e9 avant d\u2019encourager le pr\u00e9sident de la transition \u00e0 pr\u00e9senter sa candidature aux futures \u00e9lections professionnelles.<\/div>\n<div dir=\"auto\">\u00ab<em><strong>Nous devons alors l\u2019encourager, le soutenir dans toutes ses actions mais surtout \u00e0 se porter candidat<\/strong><\/em>\u00bb, a indiqu\u00e9 Me P\u00e9p\u00e9 Koulemou d&rsquo;apr\u00e8s nos confr\u00e8res de Kanianews<\/div>\n<\/div>\n<div dir=\"auto\"><\/div>\n<div dir=\"auto\"><\/div>\n","protected":false},"excerpt":{"rendered":"<p>Alors que de nombreux partis et organisations s&rsquo;opposent \u00e0 une prolongation de la transition en Guin\u00e9e, la Coalition de Partis Politiques et Mouvements pour la Candidature de Mamadi Doumbouya (COPAMOC-MD) a exprim\u00e9 son soutien \u00e0 la candidature du pr\u00e9sident du CNRD pour les futures \u00e9lections pr\u00e9sidentielles. Lors d\u2019une conf\u00e9rence de presse le 24 janvier 2025, [&hellip;]<\/p>\n","protected":false},"author":2,"featured_media":1068,"comment_status":"open","ping_status":"open","sticky":false,"template":"","format":"standard","meta":{"_jetpack_memberships_contains_paid_content":false,"footnotes":"","jetpack_publicize_message":"","jetpack_publicize_feature_enabled":true,"jetpack_social_post_already_shared":false,"jetpack_social_options":{"image_generator_settings":{"template":"highway","default_image_id":0,"font":"","enabled":false},"version":2}},"categories":[24,27],"tags":[243,244],"class_list":{"0":"post-1067","1":"post","2":"type-post","3":"status-publish","4":"format-standard","5":"has-post-thumbnail","7":"category-news","8":"category-politique","9":"tag-candidature-du-general-mamadi-doumbouya","10":"tag-pepe-koulemou"},"jetpack_publicize_connections":[],"jetpack_featured_media_url":"https:\/\/ledenonciateur224.com\/wp-content\/uploads\/2025\/01\/hfn4ibdplkky7ze.jpg","jetpack_sharing_enabled":true,"_links":{"self":[{"href":"https:\/\/ledenonciateur224.com\/index.php\/wp-json\/wp\/v2\/posts\/1067","targetHints":{"allow":["GET"]}}],"collection":[{"href":"https:\/\/ledenonciateur224.com\/index.php\/wp-json\/wp\/v2\/posts"}],"about":[{"href":"https:\/\/ledenonciateur224.com\/index.php\/wp-json\/wp\/v2\/types\/post"}],"author":[{"embeddable":true,"href":"https:\/\/ledenonciateur224.com\/index.php\/wp-json\/wp\/v2\/users\/2"}],"replies":[{"embeddable":true,"href":"https:\/\/ledenonciateur224.com\/index.php\/wp-json\/wp\/v2\/comments?post=1067"}],"version-history":[{"count":0,"href":"https:\/\/ledenonciateur224.com\/index.php\/wp-json\/wp\/v2\/posts\/1067\/revisions"}],"wp:featuredmedia":[{"embeddable":true,"href":"https:\/\/ledenonciateur224.com\/index.php\/wp-json\/wp\/v2\/media\/1068"}],"wp:attachment":[{"href":"https:\/\/ledenonciateur224.com\/index.php\/wp-json\/wp\/v2\/media?parent=1067"}],"wp:term":[{"taxonomy":"category","embeddable":true,"href":"https:\/\/ledenonciateur224.com\/index.php\/wp-json\/wp\/v2\/categories?post=1067"},{"taxonomy":"post_tag","embeddable":true,"href":"https:\/\/ledenonciateur224.com\/index.php\/wp-json\/wp\/v2\/tags?post=1067"}],"curies":[{"name":"wp","href":"https:\/\/api.w.org\/{rel}","templated":true}]}}