{"id":1095,"date":"2025-01-25T18:19:58","date_gmt":"2025-01-25T18:19:58","guid":{"rendered":"https:\/\/ledenonciateur224.com\/?p=1095"},"modified":"2025-01-25T18:22:34","modified_gmt":"2025-01-25T18:22:34","slug":"dr-fode-oussou-fofana-annonce-lorganisation-transparente-du-congres-de-lufdg-et-fixe-les-conditions-de-candidature","status":"publish","type":"post","link":"https:\/\/ledenonciateur224.com\/index.php\/dr-fode-oussou-fofana-annonce-lorganisation-transparente-du-congres-de-lufdg-et-fixe-les-conditions-de-candidature\/","title":{"rendered":"Dr Fod\u00e9 Oussou Fofana annonce l&rsquo;organisation transparente du congr\u00e8s de l\u2019UFDG et fixe les conditions de candidature"},"content":{"rendered":"<p style=\"margin-right: 0px;margin-bottom: 17px;margin-left: 0px\"><span style=\"color: #222222;font-family: roboto\">De retour \u00e0 Conakry apr\u00e8s un s\u00e9jour en France, Dr Fod\u00e9 Oussou Fofana, vice-pr\u00e9sident de l&rsquo;Union des Forces D\u00e9mocratiques de Guin\u00e9e (UFDG), a pris part \u00e0 l&rsquo;assembl\u00e9e g\u00e9n\u00e9rale hebdomadaire du parti le 25 janvier 2025.\u00a0<\/span><\/p>\n<p style=\"margin-right: 0px;margin-bottom: 17px;margin-left: 0px\"><span style=\"color: #222222;font-family: roboto\">Lors de cette rencontre, il a abord\u00e9 l&rsquo;organisation imminente du congr\u00e8s du parti et clarifi\u00e9 les conditions pour y participer. Il a soulign\u00e9 que seuls les membres actifs de l\u2019UFDG, et non les anciens membres radi\u00e9s, pourront se pr\u00e9senter aux \u00e9lections internes.<\/span><\/p>\n<p style=\"margin-right: 0px;margin-bottom: 17px;margin-left: 0px\"><span style=\"color: #222222;font-family: roboto\">\u00a0<\/span><\/p>\n<p style=\"margin-right: 0px;margin-bottom: 17px;margin-left: 0px\"><span style=\"color: #222222;font-family: roboto\">\u00a0Il a appel\u00e9 les candidats potentiels \u00e0 se pr\u00e9parer pour une campagne transparente, avec des \u00e9lections d\u00e9mocratiques et ouvertes \u00e0 tous les membres. Fod\u00e9 Oussou a pr\u00e9cis\u00e9 qu&rsquo;il n&rsquo;y aurait aucune d\u00e9viation du processus, promettant une \u00e9lection ordonn\u00e9e et un vote qui permettra de d\u00e9signer les dirigeants l\u00e9gitimes du parti.\u00a0<\/span><\/p>\n<p style=\"margin-right: 0px;margin-bottom: 17px;margin-left: 0px\"><span style=\"color: #222222;font-family: roboto\">\u00a0<\/span><\/p>\n<p style=\"margin-right: 0px;margin-bottom: 17px;margin-left: 0px\"><span style=\"color: #222222;font-family: roboto\">Cette d\u00e9claration confirme l\u2019engagement de l\u2019UFDG envers la d\u00e9mocratie interne et un processus de s\u00e9lection rigoureux pour ses futurs responsables.<\/span><\/p>\n<p style=\"margin-right: 0px;margin-bottom: 17px;margin-left: 0px\"><span style=\"color: #222222;font-family: roboto\">\u00a0<\/span><\/p>\n<p style=\"margin-right: 0px;margin-bottom: 17px;margin-left: 0px\"><span style=\"color: #222222;font-family: roboto\">\u00a0<\/span><\/p>\n<p style=\"margin-right: 0px;margin-bottom: 17px;margin-left: 0px\"><span style=\"color: #222222;font-family: roboto\">\u00a0<\/span><\/p>\n<p style=\"margin-right: 0px;margin-bottom: 17px;margin-left: 0px\"><span style=\"color: #222222;font-family: roboto\">N&rsquo;sira Sylla\u00a0<\/span><\/p>\n","protected":false},"excerpt":{"rendered":"<p>De retour \u00e0 Conakry apr\u00e8s un s\u00e9jour en France, Dr Fod\u00e9 Oussou Fofana, vice-pr\u00e9sident de l&rsquo;Union des Forces D\u00e9mocratiques de Guin\u00e9e (UFDG), a pris part \u00e0 l&rsquo;assembl\u00e9e g\u00e9n\u00e9rale hebdomadaire du parti le 25 janvier 2025.\u00a0 Lors de cette rencontre, il a abord\u00e9 l&rsquo;organisation imminente du congr\u00e8s du parti et clarifi\u00e9 les conditions pour y participer. [&hellip;]<\/p>\n","protected":false},"author":2,"featured_media":1097,"comment_status":"open","ping_status":"open","sticky":false,"template":"","format":"standard","meta":{"_jetpack_memberships_contains_paid_content":false,"footnotes":"","jetpack_publicize_message":"","jetpack_publicize_feature_enabled":true,"jetpack_social_post_already_shared":false,"jetpack_social_options":{"image_generator_settings":{"template":"highway","default_image_id":0,"font":"","enabled":false},"version":2}},"categories":[24,27],"tags":[221,255,65],"class_list":{"0":"post-1095","1":"post","2":"type-post","3":"status-publish","4":"format-standard","5":"has-post-thumbnail","7":"category-news","8":"category-politique","9":"tag-congres-electif","10":"tag-dr-fode-oussou-fofana","11":"tag-ufdg"},"jetpack_publicize_connections":[],"jetpack_featured_media_url":"https:\/\/ledenonciateur224.com\/wp-content\/uploads\/2025\/01\/fode-oussou-3.jpeg","jetpack_sharing_enabled":true,"_links":{"self":[{"href":"https:\/\/ledenonciateur224.com\/index.php\/wp-json\/wp\/v2\/posts\/1095","targetHints":{"allow":["GET"]}}],"collection":[{"href":"https:\/\/ledenonciateur224.com\/index.php\/wp-json\/wp\/v2\/posts"}],"about":[{"href":"https:\/\/ledenonciateur224.com\/index.php\/wp-json\/wp\/v2\/types\/post"}],"author":[{"embeddable":true,"href":"https:\/\/ledenonciateur224.com\/index.php\/wp-json\/wp\/v2\/users\/2"}],"replies":[{"embeddable":true,"href":"https:\/\/ledenonciateur224.com\/index.php\/wp-json\/wp\/v2\/comments?post=1095"}],"version-history":[{"count":0,"href":"https:\/\/ledenonciateur224.com\/index.php\/wp-json\/wp\/v2\/posts\/1095\/revisions"}],"wp:featuredmedia":[{"embeddable":true,"href":"https:\/\/ledenonciateur224.com\/index.php\/wp-json\/wp\/v2\/media\/1097"}],"wp:attachment":[{"href":"https:\/\/ledenonciateur224.com\/index.php\/wp-json\/wp\/v2\/media?parent=1095"}],"wp:term":[{"taxonomy":"category","embeddable":true,"href":"https:\/\/ledenonciateur224.com\/index.php\/wp-json\/wp\/v2\/categories?post=1095"},{"taxonomy":"post_tag","embeddable":true,"href":"https:\/\/ledenonciateur224.com\/index.php\/wp-json\/wp\/v2\/tags?post=1095"}],"curies":[{"name":"wp","href":"https:\/\/api.w.org\/{rel}","templated":true}]}}