{"id":1106,"date":"2025-01-26T22:48:14","date_gmt":"2025-01-26T22:48:14","guid":{"rendered":"https:\/\/ledenonciateur224.com\/?p=1106"},"modified":"2025-01-26T22:48:14","modified_gmt":"2025-01-26T22:48:14","slug":"trump-relance-sa-politique-migratoire-stricte-avec-une-offensive-massive-contre-limmigration-clandestine","status":"publish","type":"post","link":"https:\/\/ledenonciateur224.com\/index.php\/trump-relance-sa-politique-migratoire-stricte-avec-une-offensive-massive-contre-limmigration-clandestine\/","title":{"rendered":"Trump relance sa politique migratoire stricte avec une offensive massive contre l&rsquo;immigration clandestine"},"content":{"rendered":"<p>Dans un acte politique fort, Donald Trump met en \u0153uvre une nouvelle offensive contre l\u2019immigration clandestine aux \u00c9tats-Unis, concr\u00e9tisant une de ses promesses phares faites pendant sa campagne. Cette op\u00e9ration, marqu\u00e9e par un recours \u00e0 la force, a abouti \u00e0 l\u2019arrestation de 538 sans-papiers, un chiffre avanc\u00e9 par Karoline Leavitt, porte-parole de la Maison Blanche.<\/p>\n<p>&nbsp;<\/p>\n<p>Selon cette derni\u00e8re, ces arrestations ne constituent que le d\u00e9but d\u2019une s\u00e9rie de mesures plus vastes visant \u00e0 renforcer la s\u00e9curit\u00e9 des fronti\u00e8res et \u00e0 lutter contre l\u2019immigration ill\u00e9gale.<\/p>\n<p>Le plan d\u2019action du pr\u00e9sident r\u00e9publicain comprend des d\u00e9portations massives, mises en \u0153uvre par des avions militaires, dans le cadre d\u2019une strat\u00e9gie ambitieuse de renvoi des immigr\u00e9s en situation irr\u00e9guli\u00e8re. Le pr\u00e9sident Trump a fermement r\u00e9affirm\u00e9 son engagement : \u00ab <em><strong>Nous tenons nos promesses<\/strong> <\/em>\u00bb. Cette d\u00e9claration s&rsquo;inscrit dans la continuit\u00e9 de sa politique migratoire, l\u2019une des plus controvers\u00e9es et centralis\u00e9es durant son mandat pr\u00e9c\u00e9dent. L\u2019administration Trump semble d\u00e9termin\u00e9e \u00e0 poursuivre sa ligne dure, en d\u00e9pit des critiques.<\/p>\n<p>&nbsp;<\/p>\n<p>Les d\u00e9portations massives, op\u00e9r\u00e9es de mani\u00e8re coordonn\u00e9e, sont au c\u0153ur de la strat\u00e9gie, ce qui en fait un \u00e9l\u00e9ment phare du programme de Trump. Ce type de politique, qui privil\u00e9gie la r\u00e9pression et l\u2019expulsion syst\u00e9matique, semble \u00eatre devenu une priorit\u00e9 pour son administration, destin\u00e9e \u00e0 dissuader l\u2019immigration ill\u00e9gale et \u00e0 prot\u00e9ger les fronti\u00e8res des \u00c9tats-Unis. Cependant, cette offensive ne manque pas de soulever des inqui\u00e9tudes \u00e0 l\u2019\u00e9chelle internationale.<\/p>\n<p>&nbsp;<\/p>\n<p>L\u2019ONU, par le biais de Ravina Shamdasani, porte-parole du Haut-Commissariat aux droits de l\u2019homme, a exprim\u00e9 une mise en garde contre les abus potentiels. Si les \u00c9tats ont bien s\u00fbr le droit d\u2019exercer leur autorit\u00e9 sur leurs fronti\u00e8res, le Haut-Commissariat a soulign\u00e9 que cela ne devait en aucun cas se faire au d\u00e9triment du respect des droits fondamentaux des individus, y compris des migrants. La communaut\u00e9 internationale semble soucieuse de l\u2019impact de telles politiques sur la dignit\u00e9 humaine et la protection des droits des migrants.<\/p>\n<p>Malgr\u00e9 ces critiques, l\u2019administration Trump semble inflexible et poursuit sa politique migratoire sans compromis. La fermet\u00e9 affich\u00e9e par le pr\u00e9sident r\u00e9publicain a ainsi raviv\u00e9 le d\u00e9bat sur la gestion des fronti\u00e8res et la politique d\u2019immigration aux \u00c9tats-Unis. D\u2019un c\u00f4t\u00e9, les partisans de la ligne dure saluent ces mesures comme une n\u00e9cessaire d\u00e9fense de la souverainet\u00e9 nationale et de la s\u00e9curit\u00e9. De l\u2019autre, les d\u00e9fenseurs des droits humains d\u00e9noncent les effets collat\u00e9raux de telles actions, notamment le traitement r\u00e9serv\u00e9 aux migrants et les conditions de leur expulsion.<\/p>\n<p>&nbsp;<\/p>\n<p>Cette situation met une nouvelle fois en lumi\u00e8re les profondes divisions qui traversent la soci\u00e9t\u00e9 am\u00e9ricaine sur la question de l\u2019immigration. Le pays se retrouve ainsi d\u00e9chir\u00e9 entre la volont\u00e9 de renforcer la s\u00e9curit\u00e9 nationale et la n\u00e9cessit\u00e9 de garantir des droits humains \u00e0 ceux qui fuient des situations dramatiques. Une fois de plus, sous la pr\u00e9sidence de Donald Trump, l\u2019Am\u00e9rique semble se retrouver face \u00e0 un dilemme entre fermet\u00e9 s\u00e9curitaire et respect des valeurs humanitaires.<\/p>\n<p>&nbsp;<\/p>\n<p>&nbsp;<\/p>\n","protected":false},"excerpt":{"rendered":"<p>Dans un acte politique fort, Donald Trump met en \u0153uvre une nouvelle offensive contre l\u2019immigration clandestine aux \u00c9tats-Unis, concr\u00e9tisant une de ses promesses phares faites pendant sa campagne. Cette op\u00e9ration, marqu\u00e9e par un recours \u00e0 la force, a abouti \u00e0 l\u2019arrestation de 538 sans-papiers, un chiffre avanc\u00e9 par Karoline Leavitt, porte-parole de la Maison Blanche. [&hellip;]<\/p>\n","protected":false},"author":2,"featured_media":1001,"comment_status":"open","ping_status":"open","sticky":false,"template":"","format":"standard","meta":{"_jetpack_memberships_contains_paid_content":false,"footnotes":"","jetpack_publicize_message":"","jetpack_publicize_feature_enabled":true,"jetpack_social_post_already_shared":false,"jetpack_social_options":{"image_generator_settings":{"template":"highway","default_image_id":0,"font":"","enabled":false},"version":2}},"categories":[1],"tags":[222,207,256],"class_list":{"0":"post-1106","1":"post","2":"type-post","3":"status-publish","4":"format-standard","5":"has-post-thumbnail","7":"category-non-classe","8":"tag-donald-trump","9":"tag-etats-unis","10":"tag-migrants"},"jetpack_publicize_connections":[],"jetpack_featured_media_url":"https:\/\/ledenonciateur224.com\/wp-content\/uploads\/2025\/01\/678f6bb9ab459793478b4568-768x431-1.webp","jetpack_sharing_enabled":true,"_links":{"self":[{"href":"https:\/\/ledenonciateur224.com\/index.php\/wp-json\/wp\/v2\/posts\/1106","targetHints":{"allow":["GET"]}}],"collection":[{"href":"https:\/\/ledenonciateur224.com\/index.php\/wp-json\/wp\/v2\/posts"}],"about":[{"href":"https:\/\/ledenonciateur224.com\/index.php\/wp-json\/wp\/v2\/types\/post"}],"author":[{"embeddable":true,"href":"https:\/\/ledenonciateur224.com\/index.php\/wp-json\/wp\/v2\/users\/2"}],"replies":[{"embeddable":true,"href":"https:\/\/ledenonciateur224.com\/index.php\/wp-json\/wp\/v2\/comments?post=1106"}],"version-history":[{"count":0,"href":"https:\/\/ledenonciateur224.com\/index.php\/wp-json\/wp\/v2\/posts\/1106\/revisions"}],"wp:featuredmedia":[{"embeddable":true,"href":"https:\/\/ledenonciateur224.com\/index.php\/wp-json\/wp\/v2\/media\/1001"}],"wp:attachment":[{"href":"https:\/\/ledenonciateur224.com\/index.php\/wp-json\/wp\/v2\/media?parent=1106"}],"wp:term":[{"taxonomy":"category","embeddable":true,"href":"https:\/\/ledenonciateur224.com\/index.php\/wp-json\/wp\/v2\/categories?post=1106"},{"taxonomy":"post_tag","embeddable":true,"href":"https:\/\/ledenonciateur224.com\/index.php\/wp-json\/wp\/v2\/tags?post=1106"}],"curies":[{"name":"wp","href":"https:\/\/api.w.org\/{rel}","templated":true}]}}