{"id":1113,"date":"2025-01-27T11:42:45","date_gmt":"2025-01-27T11:42:45","guid":{"rendered":"https:\/\/ledenonciateur224.com\/?p=1113"},"modified":"2025-01-27T11:42:45","modified_gmt":"2025-01-27T11:42:45","slug":"detournement-des-deniers-publics-le-directeur-general-de-lhopital-ignace-deen-face-a-la-justice","status":"publish","type":"post","link":"https:\/\/ledenonciateur224.com\/index.php\/detournement-des-deniers-publics-le-directeur-general-de-lhopital-ignace-deen-face-a-la-justice\/","title":{"rendered":"D\u00e9tournement des deniers publics : le directeur g\u00e9n\u00e9ral de l\u2019h\u00f4pital Ignace Deen face \u00e0 la justice"},"content":{"rendered":"<p>Le directeur g\u00e9n\u00e9ral de l&rsquo;h\u00f4pital Ignace Deen, le Professeur Mamadou Dadhi Bald\u00e9, a \u00e9t\u00e9 convoqu\u00e9 devant le tribunal de premi\u00e8re instance de Kaloum ce lundi 27 janvier 2025, pour r\u00e9pondre de faits de d\u00e9tournement de fonds publics. L&rsquo;agent judiciaire de l&rsquo;\u00c9tat l&rsquo;a poursuivi pour sa gestion pr\u00e9sum\u00e9e ill\u00e9gale des ressources publiques allou\u00e9es \u00e0 l&rsquo;h\u00f4pital.<\/p>\n<p>&nbsp;<\/p>\n<p>L\u2019audience a d\u00e9but\u00e9 par une pr\u00e9sentation formelle du dossier, et le pr\u00e9sident du tribunal a imm\u00e9diatement appel\u00e9 le pr\u00e9venu \u00e0 la barre. Lors de cette premi\u00e8re apparition, l\u2019avocat de la d\u00e9fense a sollicit\u00e9 un renvoi de l\u2019affaire, expliquant avoir besoin de plus de temps pour pr\u00e9parer la d\u00e9fense du Professeur Bald\u00e9. Le procureur de la R\u00e9publique, apr\u00e8s avoir pris connaissance de la demande, n\u2019a pas formul\u00e9 d\u2019objection, et le tribunal a accept\u00e9 la requ\u00eate.<\/p>\n<p>Ainsi, l&rsquo;affaire a \u00e9t\u00e9 renvoy\u00e9e au 10 f\u00e9vrier 2025 pour la suite des d\u00e9bats. Cette prolongation permettra aux parties prenantes de se pr\u00e9parer ad\u00e9quatement et d&rsquo;examiner en d\u00e9tail les accusations port\u00e9es contre le directeur g\u00e9n\u00e9ral de l&rsquo;h\u00f4pital Ignace Deen.<\/p>\n<p>&nbsp;<\/p>\n<p>L&rsquo;affaire a attir\u00e9 une attention particuli\u00e8re, en raison de la gravit\u00e9 des accusations et du r\u00f4le cl\u00e9 que l\u2019h\u00f4pital Ignace Deen joue dans le syst\u00e8me de sant\u00e9 du pays. Le Professeur Mamadou Dadhi Bald\u00e9, en tant que directeur g\u00e9n\u00e9ral de cet \u00e9tablissement hospitalier majeur, se retrouve sous le feu des projecteurs pour son implication pr\u00e9sum\u00e9e dans une affaire de d\u00e9tournement de fonds publics, une infraction qui soul\u00e8ve de vives inqui\u00e9tudes sur la gestion des ressources publiques dans le secteur de la sant\u00e9.<\/p>\n<p>&nbsp;<\/p>\n<p>L&rsquo;audience du 10 f\u00e9vrier prochain devrait permettre de clarifier les faits et d&rsquo;\u00e9valuer les preuves pr\u00e9sent\u00e9es par les deux parties.<\/p>\n<p>Les observateurs et la soci\u00e9t\u00e9 civile attendent avec impatience le d\u00e9nouement de ce proc\u00e8s, qui pourrait avoir des r\u00e9percussions sur la confiance du public dans la gestion des fonds publics, notamment dans le domaine de la sant\u00e9.<\/p>\n<p>&nbsp;<\/p>\n<p>&nbsp;<\/p>\n<p>Aboubacar Moussa Camara<\/p>\n<p>622 42 41 87<\/p>\n","protected":false},"excerpt":{"rendered":"<p>Le directeur g\u00e9n\u00e9ral de l&rsquo;h\u00f4pital Ignace Deen, le Professeur Mamadou Dadhi Bald\u00e9, a \u00e9t\u00e9 convoqu\u00e9 devant le tribunal de premi\u00e8re instance de Kaloum ce lundi 27 janvier 2025, pour r\u00e9pondre de faits de d\u00e9tournement de fonds publics. L&rsquo;agent judiciaire de l&rsquo;\u00c9tat l&rsquo;a poursuivi pour sa gestion pr\u00e9sum\u00e9e ill\u00e9gale des ressources publiques allou\u00e9es \u00e0 l&rsquo;h\u00f4pital. &nbsp; [&hellip;]<\/p>\n","protected":false},"author":2,"featured_media":1114,"comment_status":"open","ping_status":"open","sticky":false,"template":"","format":"standard","meta":{"_jetpack_memberships_contains_paid_content":false,"footnotes":"","jetpack_publicize_message":"","jetpack_publicize_feature_enabled":true,"jetpack_social_post_already_shared":false,"jetpack_social_options":{"image_generator_settings":{"template":"highway","default_image_id":0,"font":"","enabled":false},"version":2}},"categories":[30,24],"tags":[36,260,35,261],"class_list":{"0":"post-1113","1":"post","2":"type-post","3":"status-publish","4":"format-standard","5":"has-post-thumbnail","7":"category-faits-divers","8":"category-news","9":"tag-conakry","10":"tag-detournement-des-deniers-publics","11":"tag-guinee","12":"tag-hopital-ignace-deen"},"jetpack_publicize_connections":[],"jetpack_featured_media_url":"https:\/\/ledenonciateur224.com\/wp-content\/uploads\/2025\/01\/pr-dadhi.jpeg","jetpack_sharing_enabled":true,"_links":{"self":[{"href":"https:\/\/ledenonciateur224.com\/index.php\/wp-json\/wp\/v2\/posts\/1113","targetHints":{"allow":["GET"]}}],"collection":[{"href":"https:\/\/ledenonciateur224.com\/index.php\/wp-json\/wp\/v2\/posts"}],"about":[{"href":"https:\/\/ledenonciateur224.com\/index.php\/wp-json\/wp\/v2\/types\/post"}],"author":[{"embeddable":true,"href":"https:\/\/ledenonciateur224.com\/index.php\/wp-json\/wp\/v2\/users\/2"}],"replies":[{"embeddable":true,"href":"https:\/\/ledenonciateur224.com\/index.php\/wp-json\/wp\/v2\/comments?post=1113"}],"version-history":[{"count":0,"href":"https:\/\/ledenonciateur224.com\/index.php\/wp-json\/wp\/v2\/posts\/1113\/revisions"}],"wp:featuredmedia":[{"embeddable":true,"href":"https:\/\/ledenonciateur224.com\/index.php\/wp-json\/wp\/v2\/media\/1114"}],"wp:attachment":[{"href":"https:\/\/ledenonciateur224.com\/index.php\/wp-json\/wp\/v2\/media?parent=1113"}],"wp:term":[{"taxonomy":"category","embeddable":true,"href":"https:\/\/ledenonciateur224.com\/index.php\/wp-json\/wp\/v2\/categories?post=1113"},{"taxonomy":"post_tag","embeddable":true,"href":"https:\/\/ledenonciateur224.com\/index.php\/wp-json\/wp\/v2\/tags?post=1113"}],"curies":[{"name":"wp","href":"https:\/\/api.w.org\/{rel}","templated":true}]}}