{"id":1129,"date":"2025-01-28T09:39:47","date_gmt":"2025-01-28T09:39:47","guid":{"rendered":"https:\/\/ledenonciateur224.com\/?p=1129"},"modified":"2025-01-28T09:39:47","modified_gmt":"2025-01-28T09:39:47","slug":"bah-oury-revele-la-convocation-des-acteurs-politiques-guineens-suite-aux-appels-au-coup-detat-dalpha-conde","status":"publish","type":"post","link":"https:\/\/ledenonciateur224.com\/index.php\/bah-oury-revele-la-convocation-des-acteurs-politiques-guineens-suite-aux-appels-au-coup-detat-dalpha-conde\/","title":{"rendered":"Bah Oury r\u00e9v\u00e8le la convocation des acteurs politiques guin\u00e9ens suite aux appels au \u00ab coup d\u2019\u00c9tat \u00bb d&rsquo;Alpha Cond\u00e9"},"content":{"rendered":"<p>Le Premier ministre guin\u00e9en, Amadou Oury Bah, a r\u00e9v\u00e9l\u00e9 que des acteurs politiques ont \u00e9t\u00e9 convoqu\u00e9s par le ministre de l&rsquo;Administration du Territoire et de la D\u00e9centralisation en r\u00e9ponse aux r\u00e9cents appels au \u00ab coup d&rsquo;\u00c9tat \u00bb lanc\u00e9s, notamment, par l&rsquo;ex-pr\u00e9sident Alpha Cond\u00e9. Il a pr\u00e9cis\u00e9 que ces acteurs se sont d\u00e9solidaris\u00e9s de ces appels, soulignant que la responsabilit\u00e9 demeure individuelle, et a ajout\u00e9 que le Gouvernement est pr\u00eat \u00e0 rendre publics les proc\u00e8s-verbaux des entretiens lorsque cela sera n\u00e9cessaire.<\/p>\n<div dir=\"auto\"><ins><\/p>\n<div><\/div>\n<p><\/ins><\/div>\n<p>\u00ab\u00a0<em>Les acteurs politiques qui veulent qu\u2019on utilise l\u2019ancien fichier pour aller vite, c\u2019est pour aller \u00e0 la catastrophe. L\u2019ancien fichier a d\u00e9j\u00e0 conduit \u00e0 200 morts. Les protagonistes de cette trag\u00e9die se retrouvent aujourd\u2019hui ensemble pour utiliser ce qui a amen\u00e9 \u00e0 ce que 200 enfants de ce pays p\u00e9rissent.<\/em>\u00a0<em>Est-ce responsable ? Nous ne voulons pas recr\u00e9er les m\u00eames faits qui ont amen\u00e9 \u00e0 ce que le pays, quelques ann\u00e9es apr\u00e8s, se retrouve dans une dynamique de crise institutionnelle qui a amen\u00e9 \u00e0 une transition.<\/em><\/p>\n<div dir=\"auto\"><ins><\/p>\n<div><\/div>\n<p><\/ins><\/div>\n<p><em>Il faut que les gens soient responsables. Et la responsabilit\u00e9, d\u00e8s le d\u00e9but, au lendemain du 5 septembre 2021, c\u2019est \u00e0 ce niveau-l\u00e0 que certains responsables politiques, nous avons diverg\u00e9. Certains voulaient, co\u00fbte que co\u00fbte, en 6 mois, on aille aux \u00e9lections pour qu\u2019ils viennent s\u2019installer sans une analyse profonde, d\u00e9tach\u00e9e, des \u00e9l\u00e9ments qui ont \u00e9t\u00e9 \u00e0 la base des crises r\u00e9p\u00e9titives que la Guin\u00e9e a connues. C\u2019est une irresponsabilit\u00e9.<\/em><\/p>\n<p>&nbsp;<\/p>\n<p><em>M\u00eame aujourd\u2019hui, je peux vous dire, excusez-moi, parce que l\u00e0, il faut qu\u2019on soit clair\u00a0: ce sont les m\u00eames qui, aujourd\u2019hui, appellent \u00e0 une interruption par des forces de d\u00e9fense et de s\u00e9curit\u00e9, \u00e0 travers des appels pour qu\u2019il y ait une crise institutionnelle majeure dans ce pays. Est-ce que c\u2019est responsable pour des hommes et des femmes qui ont \u00e9t\u00e9, \u00e0 un moment donn\u00e9, en charge de parler et d\u2019agir au nom du peuple de Guin\u00e9e ? Lorsque vous n\u2019assumez pas votre responsabilit\u00e9 avec sagesse, avec une prise en compte de l\u2019int\u00e9r\u00eat national, vous allez subir la rigueur de la loi. Quelqu\u2019un qui appelle publiquement \u00e0 un coup d\u2019\u00c9tat, est-ce que vous voulez qu\u2019on laisse une forme d\u2019impunit\u00e9 qui remet en cause la stabilit\u00e9 du pays ? Si vous voulez qu\u2019on maintienne cette impunit\u00e9, vous \u00eates aussi responsable. Cette impunit\u00e9, c\u2019est fini.<\/em><\/p>\n<div dir=\"auto\"><ins><\/p>\n<div><\/div>\n<p><\/ins><\/div>\n<p><em>Le ministre de l\u2019administration du territoire a d\u00e9j\u00e0 convoqu\u00e9 certains responsables politiques de certains partis pour leur dire\u00a0:\u00a0oui ou non votre institution politique assume la d\u00e9claration de votre leader ?\u00a0S\u2019ils disent qu\u2019ils assument la d\u00e9claration de leur leader, l\u2019administration du territoire, en conformit\u00e9 avec la Charte, prendra sa d\u00e9cision. Le ministre de la Justice, par rapport \u00e0 des d\u00e9clarations qui remettent en cause la s\u00e9curit\u00e9 nationale, agira. Le ministre des Affaires \u00e9trang\u00e8res, en ce qui le concerne, devra mettre tout en \u0153uvre pour que cette d\u00e9cision soit partag\u00e9e \u00e0 l\u2019ensemble des ambassadeurs, ici accr\u00e9dit\u00e9s en Guin\u00e9e, et les repr\u00e9sentants de la communaut\u00e9 internationale.<\/em><\/p>\n<div dir=\"auto\"><ins><\/p>\n<div><\/div>\n<p><\/ins><\/div>\n<p><em>Les gens qui ont accumul\u00e9 de l\u2019argent, et qui utilisent cet argent pour acheter des influenceurs, des canaux m\u00e9diatiques \u00e0 gauche, \u00e0 droite, pour remettre en cause la stabilit\u00e9 de ce pays, l\u2019impunit\u00e9 de ce c\u00f4t\u00e9-l\u00e0, c\u2019est fini<\/em>\u00a0\u00bb, a averti le Chef du Gouvernement lors de l&rsquo;\u00e9mission On fait le point sur la RTG.<\/p>\n<p>&nbsp;<\/p>\n<p>&nbsp;<\/p>\n<p>Aboubacar Moussa Camara<\/p>\n<p>622 42 41 87<\/p>\n","protected":false},"excerpt":{"rendered":"<p>Le Premier ministre guin\u00e9en, Amadou Oury Bah, a r\u00e9v\u00e9l\u00e9 que des acteurs politiques ont \u00e9t\u00e9 convoqu\u00e9s par le ministre de l&rsquo;Administration du Territoire et de la D\u00e9centralisation en r\u00e9ponse aux r\u00e9cents appels au \u00ab coup d&rsquo;\u00c9tat \u00bb lanc\u00e9s, notamment, par l&rsquo;ex-pr\u00e9sident Alpha Cond\u00e9. Il a pr\u00e9cis\u00e9 que ces acteurs se sont d\u00e9solidaris\u00e9s de ces appels, [&hellip;]<\/p>\n","protected":false},"author":2,"featured_media":1130,"comment_status":"open","ping_status":"open","sticky":false,"template":"","format":"standard","meta":{"_jetpack_memberships_contains_paid_content":false,"footnotes":"","jetpack_publicize_message":"","jetpack_publicize_feature_enabled":true,"jetpack_social_post_already_shared":false,"jetpack_social_options":{"image_generator_settings":{"template":"highway","default_image_id":0,"font":"","enabled":false},"version":2}},"categories":[24,27],"tags":[268,267,266,235,66],"class_list":{"0":"post-1129","1":"post","2":"type-post","3":"status-publish","4":"format-standard","5":"has-post-thumbnail","7":"category-news","8":"category-politique","9":"tag-acteurs-politiques","10":"tag-amadou-oury-bah","11":"tag-chef-du-gouvernement","12":"tag-le-premier-ministre-guineen","13":"tag-transition"},"jetpack_publicize_connections":[],"jetpack_featured_media_url":"https:\/\/ledenonciateur224.com\/wp-content\/uploads\/2025\/01\/bah-oury-okn.jpeg","jetpack_sharing_enabled":true,"_links":{"self":[{"href":"https:\/\/ledenonciateur224.com\/index.php\/wp-json\/wp\/v2\/posts\/1129","targetHints":{"allow":["GET"]}}],"collection":[{"href":"https:\/\/ledenonciateur224.com\/index.php\/wp-json\/wp\/v2\/posts"}],"about":[{"href":"https:\/\/ledenonciateur224.com\/index.php\/wp-json\/wp\/v2\/types\/post"}],"author":[{"embeddable":true,"href":"https:\/\/ledenonciateur224.com\/index.php\/wp-json\/wp\/v2\/users\/2"}],"replies":[{"embeddable":true,"href":"https:\/\/ledenonciateur224.com\/index.php\/wp-json\/wp\/v2\/comments?post=1129"}],"version-history":[{"count":0,"href":"https:\/\/ledenonciateur224.com\/index.php\/wp-json\/wp\/v2\/posts\/1129\/revisions"}],"wp:featuredmedia":[{"embeddable":true,"href":"https:\/\/ledenonciateur224.com\/index.php\/wp-json\/wp\/v2\/media\/1130"}],"wp:attachment":[{"href":"https:\/\/ledenonciateur224.com\/index.php\/wp-json\/wp\/v2\/media?parent=1129"}],"wp:term":[{"taxonomy":"category","embeddable":true,"href":"https:\/\/ledenonciateur224.com\/index.php\/wp-json\/wp\/v2\/categories?post=1129"},{"taxonomy":"post_tag","embeddable":true,"href":"https:\/\/ledenonciateur224.com\/index.php\/wp-json\/wp\/v2\/tags?post=1129"}],"curies":[{"name":"wp","href":"https:\/\/api.w.org\/{rel}","templated":true}]}}