{"id":1148,"date":"2025-01-28T21:54:19","date_gmt":"2025-01-28T21:54:19","guid":{"rendered":"https:\/\/ledenonciateur224.com\/?p=1148"},"modified":"2025-01-28T21:54:19","modified_gmt":"2025-01-28T21:54:19","slug":"loffensive-du-m23-soutenue-par-le-rwanda-goma-en-peril-kinshasa-manifeste-contre-kigali","status":"publish","type":"post","link":"https:\/\/ledenonciateur224.com\/index.php\/loffensive-du-m23-soutenue-par-le-rwanda-goma-en-peril-kinshasa-manifeste-contre-kigali\/","title":{"rendered":"L&rsquo;offensive du M23 soutenue par le Rwanda : Goma en p\u00e9ril, Kinshasa manifeste contre Kigali"},"content":{"rendered":"<p>Le groupe rebelle M23, soutenu par 3 000 \u00e0 4 000 soldats rwandais selon les Nations unies, poursuit son combat contre l\u2019arm\u00e9e congolaise dans l\u2019Est de la R\u00e9publique D\u00e9mocratique du Congo depuis plus de trois ans.<\/p>\n<p>&nbsp;<\/p>\n<p>Ce lundi matin, la situation s&rsquo;est intensifi\u00e9e avec la fermeture de la fronti\u00e8re entre la RDC et le Rwanda, suivie de violents \u00e9changes de tirs entre les troupes des deux pays \u00e0 leur fronti\u00e8re commune.<\/p>\n<p>Jean-No\u00ebl Barrot, ministre fran\u00e7ais des Affaires \u00e9trang\u00e8res, a averti : \u00ab Goma s&rsquo;appr\u00eate \u00e0 tomber \u00bb, condamnant fermement l\u2019offensive militaire en cours. L\u2019attaque sur la capitale de la province du Nord-Kivu, situ\u00e9e \u00e0 proximit\u00e9 du Rwanda et peupl\u00e9e d\u2019un million d\u2019habitants et tout autant de d\u00e9plac\u00e9s, marque une nouvelle \u00e9tape dans l&rsquo;avanc\u00e9e des troupes rwandaises et des combattants du M23. Ces derniers semblent prendre le dessus face \u00e0 une arm\u00e9e congolaise d\u00e9bord\u00e9e.<\/p>\n<p>Le 28 janvier, des manifestations \u00e9clatent \u00e0 Kinshasa, la capitale de la R\u00e9publique D\u00e9mocratique du Congo, en r\u00e9action \u00e0 la situation. Des centaines de personnes r\u00e9clament des sanctions contre le Rwanda, et plusieurs ambassades ont \u00e9t\u00e9 attaqu\u00e9es par la foule en col\u00e8re, illustrant l&rsquo;intensification du m\u00e9contentement populaire face \u00e0 la violence grandissante \u00e0 la fronti\u00e8re.<\/p>\n<p>&nbsp;<\/p>\n<p>Avec France 24<\/p>\n","protected":false},"excerpt":{"rendered":"<p>Le groupe rebelle M23, soutenu par 3 000 \u00e0 4 000 soldats rwandais selon les Nations unies, poursuit son combat contre l\u2019arm\u00e9e congolaise dans l\u2019Est de la R\u00e9publique D\u00e9mocratique du Congo depuis plus de trois ans. &nbsp; Ce lundi matin, la situation s&rsquo;est intensifi\u00e9e avec la fermeture de la fronti\u00e8re entre la RDC et le [&hellip;]<\/p>\n","protected":false},"author":2,"featured_media":1149,"comment_status":"open","ping_status":"open","sticky":false,"template":"","format":"standard","meta":{"_jetpack_memberships_contains_paid_content":false,"footnotes":"","jetpack_publicize_message":"","jetpack_publicize_feature_enabled":true,"jetpack_social_post_already_shared":false,"jetpack_social_options":{"image_generator_settings":{"template":"highway","default_image_id":0,"font":"","enabled":false},"version":2}},"categories":[30,38,24],"tags":[276,275],"class_list":{"0":"post-1148","1":"post","2":"type-post","3":"status-publish","4":"format-standard","5":"has-post-thumbnail","7":"category-faits-divers","8":"category-international","9":"category-news","10":"tag-congo-et-rwanda","11":"tag-rebelles-m23"},"jetpack_publicize_connections":[],"jetpack_featured_media_url":"https:\/\/ledenonciateur224.com\/wp-content\/uploads\/2025\/01\/fb-img-1738100411199.jpg","jetpack_sharing_enabled":true,"_links":{"self":[{"href":"https:\/\/ledenonciateur224.com\/index.php\/wp-json\/wp\/v2\/posts\/1148","targetHints":{"allow":["GET"]}}],"collection":[{"href":"https:\/\/ledenonciateur224.com\/index.php\/wp-json\/wp\/v2\/posts"}],"about":[{"href":"https:\/\/ledenonciateur224.com\/index.php\/wp-json\/wp\/v2\/types\/post"}],"author":[{"embeddable":true,"href":"https:\/\/ledenonciateur224.com\/index.php\/wp-json\/wp\/v2\/users\/2"}],"replies":[{"embeddable":true,"href":"https:\/\/ledenonciateur224.com\/index.php\/wp-json\/wp\/v2\/comments?post=1148"}],"version-history":[{"count":0,"href":"https:\/\/ledenonciateur224.com\/index.php\/wp-json\/wp\/v2\/posts\/1148\/revisions"}],"wp:featuredmedia":[{"embeddable":true,"href":"https:\/\/ledenonciateur224.com\/index.php\/wp-json\/wp\/v2\/media\/1149"}],"wp:attachment":[{"href":"https:\/\/ledenonciateur224.com\/index.php\/wp-json\/wp\/v2\/media?parent=1148"}],"wp:term":[{"taxonomy":"category","embeddable":true,"href":"https:\/\/ledenonciateur224.com\/index.php\/wp-json\/wp\/v2\/categories?post=1148"},{"taxonomy":"post_tag","embeddable":true,"href":"https:\/\/ledenonciateur224.com\/index.php\/wp-json\/wp\/v2\/tags?post=1148"}],"curies":[{"name":"wp","href":"https:\/\/api.w.org\/{rel}","templated":true}]}}