{"id":1151,"date":"2025-01-29T08:11:33","date_gmt":"2025-01-29T08:11:33","guid":{"rendered":"https:\/\/ledenonciateur224.com\/?p=1151"},"modified":"2025-01-29T08:11:33","modified_gmt":"2025-01-29T08:11:33","slug":"retrait-des-pays-du-sahel-de-la-cedeao-un-communique-officiel-crucial","status":"publish","type":"post","link":"https:\/\/ledenonciateur224.com\/index.php\/retrait-des-pays-du-sahel-de-la-cedeao-un-communique-officiel-crucial\/","title":{"rendered":"Retrait des pays du Sahel de la CEDEAO : Un communiqu\u00e9 officiel crucial"},"content":{"rendered":"<p>La Communaut\u00e9 \u00c9conomique des \u00c9tats de l&rsquo;Afrique de l&rsquo;Ouest (CEDEAO) a r\u00e9cemment publi\u00e9 un communiqu\u00e9 dans lequel elle prend acte du retrait du Mali, du Burkina Faso et du Niger de ses rangs. L&rsquo;organisation sous-r\u00e9gionale annonce \u00e9galement une s\u00e9rie de mesures qui en d\u00e9coulent\u2026<\/p>\n<p>&nbsp;<\/p>\n<p>Cela met l&rsquo;accent sur l&rsquo;importance du communiqu\u00e9 tout en conservant la clart\u00e9 du message. Qu&rsquo;en pensez-vous ?<\/p>\n<p>Communiqu\u00e9\u2026<\/p>\n<p>Le retrait du Burkina Faso, de la R\u00e9publique du Mali et de la R\u00e9publique du Niger de la CEDEAO prend effet \u00e0 compter de ce jour, le 29 janvier 2025. Toutefois, dans l\u2019esprit de la solidarit\u00e9 r\u00e9gionale et dans l\u2019int\u00e9r\u00eat sup\u00e9rieur des populations, et conform\u00e9ment \u00e0 la d\u00e9cision de la Conf\u00e9rence des Chefs d\u2019Etat et de Gouvernement de maintenir les portes de la CEDEAO ouvertes au dialogue, les autorit\u00e9s comp\u00e9tentes \u00e0 l\u2019int\u00e9rieur et \u00e0 l\u2019ext\u00e9rieur de l\u2019ensemble des \u00c9tats membres de la CEDEAO sont pri\u00e9es et tenues de veiller au respect des mesures ci-apr\u00e8s :<\/p>\n<p>a) Reconna\u00eetre jusqu\u2019\u00e0 nouvel ordre les passeports et cartes d\u2019identit\u00e9 nationaux portant le logo de la CEDEAO d\u00e9tenus par les citoyens du Burkina Faso, de la R\u00e9publique du Mali et de la R\u00e9publique du Niger ;<\/p>\n<p>b) Continuer \u00e0 accorder aux biens et services provenant des trois pays concern\u00e9s le traitement pr\u00e9vu par le Sch\u00e9ma de lib\u00e9ralisation des \u00e9changes (SLEC) et la Politique d\u2019investissement de la CEDEAO ;<\/p>\n<p>c) Permettre aux citoyens des pays concern\u00e9s de continuer \u00e0 jouir, jusqu\u2019\u00e0 nouvel ordre, du droit de circulation, de r\u00e9sidence et d\u2019\u00e9tablissement sans visa, conform\u00e9ment aux protocoles de la CEDEAO en la mati\u00e8re ;<\/p>\n<p>d) Apporter aux fonctionnaires de la CEDEAO des trois pays, un soutien et une coop\u00e9ration sans faille dans le cadre de leurs missions pour la Communaut\u00e9.<\/p>\n<p>Ces dispositions restent en vigueur jusqu\u2019\u00e0 l\u2019adoption par la Conf\u00e9rence des chefs d\u2019\u00c9tat et de gouvernement de la CEDEAO, des modalit\u00e9s compl\u00e8tes de nos relations futures avec les trois pays. La Commission a mis en place une structure pour faciliter les discussions sur ces modalit\u00e9s avec chacun des trois pays. Ce message est n\u00e9cessaire pour \u00e9viter toute confusion et toutes perturbations dans la vie et les affaires de nos populations pendant cette p\u00e9riode de transition.<\/p>\n<p>&nbsp;<\/p>\n<p>29 janvier 2025<\/p>\n","protected":false},"excerpt":{"rendered":"<p>La Communaut\u00e9 \u00c9conomique des \u00c9tats de l&rsquo;Afrique de l&rsquo;Ouest (CEDEAO) a r\u00e9cemment publi\u00e9 un communiqu\u00e9 dans lequel elle prend acte du retrait du Mali, du Burkina Faso et du Niger de ses rangs. L&rsquo;organisation sous-r\u00e9gionale annonce \u00e9galement une s\u00e9rie de mesures qui en d\u00e9coulent\u2026 &nbsp; Cela met l&rsquo;accent sur l&rsquo;importance du communiqu\u00e9 tout en conservant [&hellip;]<\/p>\n","protected":false},"author":2,"featured_media":1040,"comment_status":"open","ping_status":"open","sticky":false,"template":"","format":"standard","meta":{"_jetpack_memberships_contains_paid_content":false,"footnotes":"","jetpack_publicize_message":"","jetpack_publicize_feature_enabled":true,"jetpack_social_post_already_shared":false,"jetpack_social_options":{"image_generator_settings":{"template":"highway","default_image_id":0,"font":"","enabled":false},"version":2}},"categories":[38,24,27],"tags":[52,277],"class_list":{"0":"post-1151","1":"post","2":"type-post","3":"status-publish","4":"format-standard","5":"has-post-thumbnail","7":"category-international","8":"category-news","9":"category-politique","10":"tag-cedeao","11":"tag-des-pays-du-sahel"},"jetpack_publicize_connections":[],"jetpack_featured_media_url":"https:\/\/ledenonciateur224.com\/wp-content\/uploads\/2025\/01\/goita-traore-thciiani.jpg","jetpack_sharing_enabled":true,"_links":{"self":[{"href":"https:\/\/ledenonciateur224.com\/index.php\/wp-json\/wp\/v2\/posts\/1151","targetHints":{"allow":["GET"]}}],"collection":[{"href":"https:\/\/ledenonciateur224.com\/index.php\/wp-json\/wp\/v2\/posts"}],"about":[{"href":"https:\/\/ledenonciateur224.com\/index.php\/wp-json\/wp\/v2\/types\/post"}],"author":[{"embeddable":true,"href":"https:\/\/ledenonciateur224.com\/index.php\/wp-json\/wp\/v2\/users\/2"}],"replies":[{"embeddable":true,"href":"https:\/\/ledenonciateur224.com\/index.php\/wp-json\/wp\/v2\/comments?post=1151"}],"version-history":[{"count":0,"href":"https:\/\/ledenonciateur224.com\/index.php\/wp-json\/wp\/v2\/posts\/1151\/revisions"}],"wp:featuredmedia":[{"embeddable":true,"href":"https:\/\/ledenonciateur224.com\/index.php\/wp-json\/wp\/v2\/media\/1040"}],"wp:attachment":[{"href":"https:\/\/ledenonciateur224.com\/index.php\/wp-json\/wp\/v2\/media?parent=1151"}],"wp:term":[{"taxonomy":"category","embeddable":true,"href":"https:\/\/ledenonciateur224.com\/index.php\/wp-json\/wp\/v2\/categories?post=1151"},{"taxonomy":"post_tag","embeddable":true,"href":"https:\/\/ledenonciateur224.com\/index.php\/wp-json\/wp\/v2\/tags?post=1151"}],"curies":[{"name":"wp","href":"https:\/\/api.w.org\/{rel}","templated":true}]}}