{"id":1156,"date":"2025-01-29T09:19:19","date_gmt":"2025-01-29T09:19:19","guid":{"rendered":"https:\/\/ledenonciateur224.com\/?p=1156"},"modified":"2025-01-29T10:32:50","modified_gmt":"2025-01-29T10:32:50","slug":"sekou-kaba-nomme-coordonnateur-general-a-kindia-un-renfort-strategique-pour-le-mouvement-sogue-nene","status":"publish","type":"post","link":"https:\/\/ledenonciateur224.com\/index.php\/sekou-kaba-nomme-coordonnateur-general-a-kindia-un-renfort-strategique-pour-le-mouvement-sogue-nene\/","title":{"rendered":"S\u00e9kou Kaba nomm\u00e9 Coordonnateur G\u00e9n\u00e9ral \u00e0 Kindia : Un renfort strat\u00e9gique pour le Mouvement \u00ab Sogu\u00e9 N\u00e8n\u00e8 \u00bb"},"content":{"rendered":"<p>Dans une d\u00e9marche visant \u00e0 \u00e9largir son influence et dynamiser ses actions \u00e0 travers tout le territoire national, le Mouvement \u00ab Sogu\u00e9 N\u00e8n\u00e8 \u00bb a d\u00e9sign\u00e9 S\u00e9kou Kaba comme Coordonnateur G\u00e9n\u00e9ral \u00e0 Kindia. Cette nomination s&rsquo;inscrit pleinement dans la vision du G\u00e9n\u00e9ral-Pr\u00e9sident Mamadi Doumbouya, qui \u0153uvre pour le d\u00e9veloppement durable et le renouveau de la Guin\u00e9e.<\/p>\n<p>Journaliste chevronn\u00e9 et patriote engag\u00e9, S\u00e9kou Kaba se distingue par son profond attachement aux valeurs citoyennes et sa contribution \u00e0 la transition g\u00e9n\u00e9rationnelle. Son parcours, jalonn\u00e9 par une rigueur professionnelle et un engagement sans faille en faveur de la modernisation de la Guin\u00e9e, en fait le leader id\u00e9al pour incarner les ambitions du mouvement dans cette r\u00e9gion strat\u00e9gique.<\/p>\n<p>&nbsp;<\/p>\n<p>\u00c0 travers cette d\u00e9cision, le Mouvement \u00ab Sogu\u00e9 N\u00e8n\u00e8 \u00bb vise \u00e0 renforcer son ancrage local \u00e0 Kindia, tout en poursuivant ses projets de transformation socio-\u00e9conomique et politique \u00e0 l&rsquo;\u00e9chelle nationale. Cette nomination marque ainsi une nouvelle \u00e9tape dans l\u2019action du mouvement, r\u00e9solument tourn\u00e9e vers l\u2019avenir et la construction d\u2019une Guin\u00e9e moderne et prosp\u00e8re.<\/p>\n<p>&nbsp;<\/p>\n<p>&nbsp;<\/p>\n<p>&nbsp;<\/p>\n<p><img loading=\"lazy\" decoding=\"async\" class=\"alignnone size-full wp-image-1161\" src=\"https:\/\/ledenonciateur224.com\/wp-content\/uploads\/2025\/01\/img-20250129-wa0064.jpg\" alt=\"\" width=\"793\" height=\"1080\" srcset=\"https:\/\/ledenonciateur224.com\/wp-content\/uploads\/2025\/01\/img-20250129-wa0064.jpg 793w, https:\/\/ledenonciateur224.com\/wp-content\/uploads\/2025\/01\/img-20250129-wa0064-220x300.jpg 220w, https:\/\/ledenonciateur224.com\/wp-content\/uploads\/2025\/01\/img-20250129-wa0064-752x1024.jpg 752w, https:\/\/ledenonciateur224.com\/wp-content\/uploads\/2025\/01\/img-20250129-wa0064-768x1046.jpg 768w, https:\/\/ledenonciateur224.com\/wp-content\/uploads\/2025\/01\/img-20250129-wa0064-150x204.jpg 150w, https:\/\/ledenonciateur224.com\/wp-content\/uploads\/2025\/01\/img-20250129-wa0064-300x409.jpg 300w, https:\/\/ledenonciateur224.com\/wp-content\/uploads\/2025\/01\/img-20250129-wa0064-696x948.jpg 696w, https:\/\/ledenonciateur224.com\/wp-content\/uploads\/2025\/01\/img-20250129-wa0064-308x420.jpg 308w\" sizes=\"auto, (max-width: 793px) 100vw, 793px\" \/><\/p>\n","protected":false},"excerpt":{"rendered":"<p>Dans une d\u00e9marche visant \u00e0 \u00e9largir son influence et dynamiser ses actions \u00e0 travers tout le territoire national, le Mouvement \u00ab Sogu\u00e9 N\u00e8n\u00e8 \u00bb a d\u00e9sign\u00e9 S\u00e9kou Kaba comme Coordonnateur G\u00e9n\u00e9ral \u00e0 Kindia. Cette nomination s&rsquo;inscrit pleinement dans la vision du G\u00e9n\u00e9ral-Pr\u00e9sident Mamadi Doumbouya, qui \u0153uvre pour le d\u00e9veloppement durable et le renouveau de la [&hellip;]<\/p>\n","protected":false},"author":2,"featured_media":1158,"comment_status":"open","ping_status":"open","sticky":false,"template":"","format":"standard","meta":{"_jetpack_memberships_contains_paid_content":false,"footnotes":"","jetpack_publicize_message":"","jetpack_publicize_feature_enabled":true,"jetpack_social_post_already_shared":false,"jetpack_social_options":{"image_generator_settings":{"template":"highway","default_image_id":0,"font":"","enabled":false},"version":2}},"categories":[24,27],"tags":[36,35,278],"class_list":{"0":"post-1156","1":"post","2":"type-post","3":"status-publish","4":"format-standard","5":"has-post-thumbnail","7":"category-news","8":"category-politique","9":"tag-conakry","10":"tag-guinee","11":"tag-mouvement-politique"},"jetpack_publicize_connections":[],"jetpack_featured_media_url":"https:\/\/ledenonciateur224.com\/wp-content\/uploads\/2025\/01\/img-20250128-wa0018.jpg","jetpack_sharing_enabled":true,"_links":{"self":[{"href":"https:\/\/ledenonciateur224.com\/index.php\/wp-json\/wp\/v2\/posts\/1156","targetHints":{"allow":["GET"]}}],"collection":[{"href":"https:\/\/ledenonciateur224.com\/index.php\/wp-json\/wp\/v2\/posts"}],"about":[{"href":"https:\/\/ledenonciateur224.com\/index.php\/wp-json\/wp\/v2\/types\/post"}],"author":[{"embeddable":true,"href":"https:\/\/ledenonciateur224.com\/index.php\/wp-json\/wp\/v2\/users\/2"}],"replies":[{"embeddable":true,"href":"https:\/\/ledenonciateur224.com\/index.php\/wp-json\/wp\/v2\/comments?post=1156"}],"version-history":[{"count":0,"href":"https:\/\/ledenonciateur224.com\/index.php\/wp-json\/wp\/v2\/posts\/1156\/revisions"}],"wp:featuredmedia":[{"embeddable":true,"href":"https:\/\/ledenonciateur224.com\/index.php\/wp-json\/wp\/v2\/media\/1158"}],"wp:attachment":[{"href":"https:\/\/ledenonciateur224.com\/index.php\/wp-json\/wp\/v2\/media?parent=1156"}],"wp:term":[{"taxonomy":"category","embeddable":true,"href":"https:\/\/ledenonciateur224.com\/index.php\/wp-json\/wp\/v2\/categories?post=1156"},{"taxonomy":"post_tag","embeddable":true,"href":"https:\/\/ledenonciateur224.com\/index.php\/wp-json\/wp\/v2\/tags?post=1156"}],"curies":[{"name":"wp","href":"https:\/\/api.w.org\/{rel}","templated":true}]}}