{"id":1169,"date":"2025-01-29T17:17:10","date_gmt":"2025-01-29T17:17:10","guid":{"rendered":"https:\/\/ledenonciateur224.com\/?p=1169"},"modified":"2025-01-29T17:17:10","modified_gmt":"2025-01-29T17:17:10","slug":"referendum-elections-et-enrolement-ousmane-gaoual-diallo-presente-les-priorites-du-gouvernement-pour-2025","status":"publish","type":"post","link":"https:\/\/ledenonciateur224.com\/index.php\/referendum-elections-et-enrolement-ousmane-gaoual-diallo-presente-les-priorites-du-gouvernement-pour-2025\/","title":{"rendered":"R\u00e9f\u00e9rendum, \u00e9lections et enr\u00f4lement : Ousmane Gaoual Diallo pr\u00e9sente les priorit\u00e9s du gouvernement pour 2025"},"content":{"rendered":"<p>Ce mercredi, le ministre porte-parole du Gouvernement, Ousmane Gaoual Diallo, a tenu une conf\u00e9rence de presse afin de pr\u00e9senter les v\u0153ux du Nouvel An, discuter des actualit\u00e9s nationales et internationales, et participer \u00e0 un d\u00e9jeuner convivial avec les journalistes. Au c\u0153ur de ses \u00e9changes : les enjeux \u00e9lectoraux \u00e0 venir en 2025.<\/p>\n<p>&nbsp;<\/p>\n<p>Le ministre a notamment abord\u00e9 la question du fichier \u00e9lectoral, pr\u00e9cisant que le recensement administratif \u00e0 vocation d&rsquo;\u00e9tat civil (RAVEC) en cours servira de base pour les \u00e9lections \u00e0 venir. Il a insist\u00e9 sur l&rsquo;importance de l&rsquo;enr\u00f4lement de chaque citoyen, appelant la population \u00e0 participer activement \u00e0 cette d\u00e9marche cruciale.<\/p>\n<p>&nbsp;<\/p>\n<p>\u00ab <em><strong>Le fichier qui va \u00eatre utilis\u00e9 est celui qui est en train de se construire gr\u00e2ce au RAVEC, c\u2019est pourquoi nous invitons nos concitoyens \u00e0 accorder une importance particuli\u00e8re \u00e0 leur enr\u00f4lement, actuellement en cours<\/strong> <\/em>\u00bb, a-t-il soulign\u00e9. Le ministre a aussi lanc\u00e9 un appel aux organisations de la soci\u00e9t\u00e9 civile et aux partis politiques pour qu&rsquo;ils m\u00e8nent des campagnes de sensibilisation en faveur de cette op\u00e9ration essentielle.<\/p>\n<p>&nbsp;<\/p>\n<p>Concernant le calendrier \u00e9lectoral, Ousmane Gaoual Diallo a clarifi\u00e9 que toutes les \u00e9lections pr\u00e9vues ne se d\u00e9rouleront pas en 2025. Toutefois, il a confirm\u00e9 que le r\u00e9f\u00e9rendum se tiendra dans le premier semestre de l&rsquo;ann\u00e9e, tandis que les \u00e9lections l\u00e9gislatives ou pr\u00e9sidentielles auront lieu dans le second semestre. Cette pr\u00e9cision sur le d\u00e9coupage des scrutins vise \u00e0 offrir une vision plus claire des \u00e9ch\u00e9ances \u00e9lectorales \u00e0 venir.<\/p>\n<p>Ainsi, le gouvernement met l&rsquo;accent sur la pr\u00e9paration minutieuse du processus \u00e9lectoral, en insistant sur la participation active des citoyens et des acteurs politiques pour assurer un d\u00e9roulement transparent et inclusif des \u00e9lections.<\/p>\n<p>&nbsp;<\/p>\n<p>&nbsp;<\/p>\n<p>Alpha\u00a0 Soumah<\/p>\n","protected":false},"excerpt":{"rendered":"<p>Ce mercredi, le ministre porte-parole du Gouvernement, Ousmane Gaoual Diallo, a tenu une conf\u00e9rence de presse afin de pr\u00e9senter les v\u0153ux du Nouvel An, discuter des actualit\u00e9s nationales et internationales, et participer \u00e0 un d\u00e9jeuner convivial avec les journalistes. Au c\u0153ur de ses \u00e9changes : les enjeux \u00e9lectoraux \u00e0 venir en 2025. &nbsp; Le ministre [&hellip;]<\/p>\n","protected":false},"author":2,"featured_media":1170,"comment_status":"open","ping_status":"open","sticky":false,"template":"","format":"standard","meta":{"_jetpack_memberships_contains_paid_content":false,"footnotes":"","jetpack_publicize_message":"","jetpack_publicize_feature_enabled":true,"jetpack_social_post_already_shared":false,"jetpack_social_options":{"image_generator_settings":{"template":"highway","default_image_id":0,"font":"","enabled":false},"version":2}},"categories":[24,27],"tags":[36,281,35,280],"class_list":{"0":"post-1169","1":"post","2":"type-post","3":"status-publish","4":"format-standard","5":"has-post-thumbnail","7":"category-news","8":"category-politique","9":"tag-conakry","10":"tag-elections","11":"tag-guinee","12":"tag-recensement-administratif-a-vocation-detat-civil"},"jetpack_publicize_connections":[],"jetpack_featured_media_url":"https:\/\/ledenonciateur224.com\/wp-content\/uploads\/2025\/01\/20250129-135901-696x522-1.jpg","jetpack_sharing_enabled":true,"_links":{"self":[{"href":"https:\/\/ledenonciateur224.com\/index.php\/wp-json\/wp\/v2\/posts\/1169","targetHints":{"allow":["GET"]}}],"collection":[{"href":"https:\/\/ledenonciateur224.com\/index.php\/wp-json\/wp\/v2\/posts"}],"about":[{"href":"https:\/\/ledenonciateur224.com\/index.php\/wp-json\/wp\/v2\/types\/post"}],"author":[{"embeddable":true,"href":"https:\/\/ledenonciateur224.com\/index.php\/wp-json\/wp\/v2\/users\/2"}],"replies":[{"embeddable":true,"href":"https:\/\/ledenonciateur224.com\/index.php\/wp-json\/wp\/v2\/comments?post=1169"}],"version-history":[{"count":0,"href":"https:\/\/ledenonciateur224.com\/index.php\/wp-json\/wp\/v2\/posts\/1169\/revisions"}],"wp:featuredmedia":[{"embeddable":true,"href":"https:\/\/ledenonciateur224.com\/index.php\/wp-json\/wp\/v2\/media\/1170"}],"wp:attachment":[{"href":"https:\/\/ledenonciateur224.com\/index.php\/wp-json\/wp\/v2\/media?parent=1169"}],"wp:term":[{"taxonomy":"category","embeddable":true,"href":"https:\/\/ledenonciateur224.com\/index.php\/wp-json\/wp\/v2\/categories?post=1169"},{"taxonomy":"post_tag","embeddable":true,"href":"https:\/\/ledenonciateur224.com\/index.php\/wp-json\/wp\/v2\/tags?post=1169"}],"curies":[{"name":"wp","href":"https:\/\/api.w.org\/{rel}","templated":true}]}}