{"id":1172,"date":"2025-01-29T18:17:05","date_gmt":"2025-01-29T18:17:05","guid":{"rendered":"https:\/\/ledenonciateur224.com\/?p=1172"},"modified":"2025-01-29T18:17:05","modified_gmt":"2025-01-29T18:17:05","slug":"detournement-de-deniers-publics-et-enrichissement-illicite-lancien-ministre-ibrahima-kourouma-face-a-la-justice","status":"publish","type":"post","link":"https:\/\/ledenonciateur224.com\/index.php\/detournement-de-deniers-publics-et-enrichissement-illicite-lancien-ministre-ibrahima-kourouma-face-a-la-justice\/","title":{"rendered":"D\u00e9tournement de Deniers Publics et Enrichissement Illicite : L\u2019Ancien Ministre Ibrahima Kourouma Face \u00e0 la Justice"},"content":{"rendered":"<p>L\u2019ancien ministre de l&rsquo;urbanisme et de l&rsquo;habitat Ibrahima Kourouma, a comparu ce mercredi 29 janvier 2025 devant la Cour de r\u00e9pression des infractions \u00e9conomiques et financi\u00e8res pour r\u00e9pondre aux accusations de d\u00e9tournement de deniers publics et d\u2019enrichissement illicite. Le dossier a continu\u00e9 d\u2019\u00eatre examin\u00e9 en profondeur, avec un face-\u00e0-face tendu entre l\u2019accus\u00e9, le parquet, et la partie civile.<\/p>\n<p>&nbsp;<\/p>\n<p>\u00c0 la barre, Ibrahima Kourouma a livr\u00e9 sa version des faits en r\u00e9agissant aux multiples interrogations tant du procureur que des avocats de la partie civile. Apr\u00e8s avoir \u00e9t\u00e9 longuement interrog\u00e9 par le parquet, l&rsquo;ex-ministre a \u00e9t\u00e9 soumis \u00e0 un questionnement minutieux de la part des avocats de la partie civile, qui ont insist\u00e9 pour obtenir des d\u00e9tails plus pr\u00e9cis sur ses biens personnels et sa situation financi\u00e8re.<\/p>\n<p>&nbsp;<\/p>\n<p>L\u2019un des points centraux du d\u00e9bat a \u00e9t\u00e9 la question de ses propri\u00e9t\u00e9s. Interrog\u00e9 sur le nombre de maisons qu\u2019il poss\u00e9derait, Dr Ibrahima Kourouma a affirm\u00e9 d\u00e9tenir une seule maison, ainsi qu\u2019un terrain, et a maintenu sa d\u00e9claration malgr\u00e9 les tentatives r\u00e9p\u00e9t\u00e9es des avocats de la partie civile de clarifier davantage ce point. Cette r\u00e9ponse, jug\u00e9e \u00e9vasive par la partie civile, a aliment\u00e9 des interrogations sur l\u2019\u00e9tendue de son patrimoine.<\/p>\n<p>&nbsp;<\/p>\n<p>Concernant une suppos\u00e9e concession situ\u00e9e \u00e0 Sangoya, pr\u00e8s de l\u2019\u00e9glise, l\u2019ancien ministre a r\u00e9pondu de mani\u00e8re surprenante en d\u00e9clarant que, si cette information \u00e9tait av\u00e9r\u00e9e, il offrirait volontiers cette concession \u00e0 la cour, une d\u00e9claration qui a suscit\u00e9 des r\u00e9actions diverses dans la salle d\u2019audience. \u00c0 propos de sa pharmacie, Ibrahima Kourouma a pr\u00e9cis\u00e9 que le local o\u00f9 elle \u00e9tait install\u00e9e \u00e9tait en fait un bien lou\u00e9 et qu\u2019il n\u2019en \u00e9tait pas le propri\u00e9taire.<\/p>\n<p>&nbsp;<\/p>\n<p>Malgr\u00e9 les multiples questions visant \u00e0 \u00e9claircir davantage sa situation patrimoniale et ses activit\u00e9s financi\u00e8res, l&rsquo;accus\u00e9 est rest\u00e9 sur ses positions, refusant de se d\u00e9partir de ses d\u00e9clarations initiales. Les d\u00e9bats se sont poursuivis pendant plusieurs heures, avec des \u00e9changes parfois tendus, avant que la cour ne d\u00e9cide de renvoyer l&rsquo;affaire au 3 f\u00e9vrier 2025 pour la poursuite des discussions.<\/p>\n<p>&nbsp;<\/p>\n<p>Ledenonciateur224.com<\/p>\n","protected":false},"excerpt":{"rendered":"<p>L\u2019ancien ministre de l&rsquo;urbanisme et de l&rsquo;habitat Ibrahima Kourouma, a comparu ce mercredi 29 janvier 2025 devant la Cour de r\u00e9pression des infractions \u00e9conomiques et financi\u00e8res pour r\u00e9pondre aux accusations de d\u00e9tournement de deniers publics et d\u2019enrichissement illicite. Le dossier a continu\u00e9 d\u2019\u00eatre examin\u00e9 en profondeur, avec un face-\u00e0-face tendu entre l\u2019accus\u00e9, le parquet, et [&hellip;]<\/p>\n","protected":false},"author":2,"featured_media":781,"comment_status":"open","ping_status":"open","sticky":false,"template":"","format":"standard","meta":{"_jetpack_memberships_contains_paid_content":false,"footnotes":"","jetpack_publicize_message":"","jetpack_publicize_feature_enabled":true,"jetpack_social_post_already_shared":false,"jetpack_social_options":{"image_generator_settings":{"template":"highway","default_image_id":0,"font":"","enabled":false},"version":2}},"categories":[30,24],"tags":[37,260],"class_list":{"0":"post-1172","1":"post","2":"type-post","3":"status-publish","4":"format-standard","5":"has-post-thumbnail","7":"category-faits-divers","8":"category-news","9":"tag-crief","10":"tag-detournement-des-deniers-publics"},"jetpack_publicize_connections":[],"jetpack_featured_media_url":"https:\/\/ledenonciateur224.com\/wp-content\/uploads\/2025\/01\/img-20240613-171746-700-x-380-pixel.jpg","jetpack_sharing_enabled":true,"_links":{"self":[{"href":"https:\/\/ledenonciateur224.com\/index.php\/wp-json\/wp\/v2\/posts\/1172","targetHints":{"allow":["GET"]}}],"collection":[{"href":"https:\/\/ledenonciateur224.com\/index.php\/wp-json\/wp\/v2\/posts"}],"about":[{"href":"https:\/\/ledenonciateur224.com\/index.php\/wp-json\/wp\/v2\/types\/post"}],"author":[{"embeddable":true,"href":"https:\/\/ledenonciateur224.com\/index.php\/wp-json\/wp\/v2\/users\/2"}],"replies":[{"embeddable":true,"href":"https:\/\/ledenonciateur224.com\/index.php\/wp-json\/wp\/v2\/comments?post=1172"}],"version-history":[{"count":0,"href":"https:\/\/ledenonciateur224.com\/index.php\/wp-json\/wp\/v2\/posts\/1172\/revisions"}],"wp:featuredmedia":[{"embeddable":true,"href":"https:\/\/ledenonciateur224.com\/index.php\/wp-json\/wp\/v2\/media\/781"}],"wp:attachment":[{"href":"https:\/\/ledenonciateur224.com\/index.php\/wp-json\/wp\/v2\/media?parent=1172"}],"wp:term":[{"taxonomy":"category","embeddable":true,"href":"https:\/\/ledenonciateur224.com\/index.php\/wp-json\/wp\/v2\/categories?post=1172"},{"taxonomy":"post_tag","embeddable":true,"href":"https:\/\/ledenonciateur224.com\/index.php\/wp-json\/wp\/v2\/tags?post=1172"}],"curies":[{"name":"wp","href":"https:\/\/api.w.org\/{rel}","templated":true}]}}