{"id":1189,"date":"2025-01-30T16:34:41","date_gmt":"2025-01-30T16:34:41","guid":{"rendered":"https:\/\/ledenonciateur224.com\/?p=1189"},"modified":"2025-01-30T16:34:41","modified_gmt":"2025-01-30T16:34:41","slug":"fixation-des-primes-de-fonction-pour-les-hauts-fonctionnaires-de-ladministration-civile-un-decret-du-president-de-la-transition","status":"publish","type":"post","link":"https:\/\/ledenonciateur224.com\/index.php\/fixation-des-primes-de-fonction-pour-les-hauts-fonctionnaires-de-ladministration-civile-un-decret-du-president-de-la-transition\/","title":{"rendered":"Fixation des Primes de Fonction pour les Hauts Fonctionnaires de l\u2019Administration Civile : Un D\u00e9cret du Pr\u00e9sident de la Transition"},"content":{"rendered":"<p>Par le biais d\u2019un d\u00e9cret, le Pr\u00e9sident de la Transition a \u00e9tabli les montants des primes de fonction destin\u00e9es aux cadres sup\u00e9rieurs et aux responsables de l\u2019administration civile de l\u2019\u00c9tat. Sont notamment concern\u00e9s les secr\u00e9taires g\u00e9n\u00e9raux des d\u00e9partements minist\u00e9riels, les chefs de cabinet, certains fonctionnaires des gouvernorats, ainsi que les pr\u00e9fets et sous-pr\u00e9fets.<\/p>\n<p>&nbsp;<\/p>\n<p>Les montants bruts des primes de fonction ou de responsabilit\u00e9 des fonctionnaires occupant des emplois sup\u00e9rieurs ou des emplois d\u2019encadrement de l\u2019Administration publique varient de 500\u00a0000 (Attach\u00e9 administratif du Pr\u00e9fet, Chef de section ou \u00e9quivalent) \u00e0 28 millions Gnf (Secr\u00e9taire G\u00e9n\u00e9ral du gouvernement).<\/p>\n<p>Par ailleurs, les fonctions d\u2019emplois sup\u00e9rieurs et d\u2019encadrement de l\u2019Administration civile de la Pr\u00e9sidence de la R\u00e9publique et de la Primature\u00a0; les fonctions de Directeurs G\u00e9n\u00e9raux des Organismes Publics; tout autre corps ou fonction qui b\u00e9n\u00e9ficie des avantages sp\u00e9cifiques accord\u00e9s par des statuts particuliers\u00a0; les autorit\u00e9s sup\u00e9rieures de l\u2019Etat nomm\u00e9es pour exercer un mandat politique notamment ceux qui ont le titre de Ministre et qui b\u00e9n\u00e9ficient des avantages d\u00e9finis dans des textes particuliers\u00a0sont exclus du champ d\u2019application des dispositions du d\u00e9cret du G\u00e9n\u00e9ral Mamadi Doumbouya.<\/p>\n<p>&nbsp;<\/p>\n<p>Ci-dessous, le tableau fixant les montants\u00a0:<\/p>\n<p>&nbsp;<\/p>\n<p>&nbsp;<\/p>\n<p><img loading=\"lazy\" decoding=\"async\" class=\"alignnone size-full wp-image-1191\" src=\"https:\/\/ledenonciateur224.com\/wp-content\/uploads\/2025\/01\/img-0228.jpeg\" alt=\"\" width=\"746\" height=\"1024\" srcset=\"https:\/\/ledenonciateur224.com\/wp-content\/uploads\/2025\/01\/img-0228.jpeg 746w, https:\/\/ledenonciateur224.com\/wp-content\/uploads\/2025\/01\/img-0228-219x300.jpeg 219w, https:\/\/ledenonciateur224.com\/wp-content\/uploads\/2025\/01\/img-0228-150x206.jpeg 150w, https:\/\/ledenonciateur224.com\/wp-content\/uploads\/2025\/01\/img-0228-300x412.jpeg 300w, https:\/\/ledenonciateur224.com\/wp-content\/uploads\/2025\/01\/img-0228-696x955.jpeg 696w, https:\/\/ledenonciateur224.com\/wp-content\/uploads\/2025\/01\/img-0228-306x420.jpeg 306w\" sizes=\"auto, (max-width: 746px) 100vw, 746px\" \/><\/p>\n<p><img loading=\"lazy\" decoding=\"async\" class=\"alignnone size-full wp-image-1190\" src=\"https:\/\/ledenonciateur224.com\/wp-content\/uploads\/2025\/01\/img-0227.jpeg\" alt=\"\" width=\"723\" height=\"1024\" srcset=\"https:\/\/ledenonciateur224.com\/wp-content\/uploads\/2025\/01\/img-0227.jpeg 723w, https:\/\/ledenonciateur224.com\/wp-content\/uploads\/2025\/01\/img-0227-212x300.jpeg 212w, https:\/\/ledenonciateur224.com\/wp-content\/uploads\/2025\/01\/img-0227-150x212.jpeg 150w, https:\/\/ledenonciateur224.com\/wp-content\/uploads\/2025\/01\/img-0227-300x425.jpeg 300w, https:\/\/ledenonciateur224.com\/wp-content\/uploads\/2025\/01\/img-0227-696x986.jpeg 696w, https:\/\/ledenonciateur224.com\/wp-content\/uploads\/2025\/01\/img-0227-297x420.jpeg 297w\" sizes=\"auto, (max-width: 723px) 100vw, 723px\" \/><\/p>\n<p><img loading=\"lazy\" decoding=\"async\" class=\"alignnone size-full wp-image-1192\" src=\"https:\/\/ledenonciateur224.com\/wp-content\/uploads\/2025\/01\/img-0226.jpeg\" alt=\"\" width=\"739\" height=\"1024\" srcset=\"https:\/\/ledenonciateur224.com\/wp-content\/uploads\/2025\/01\/img-0226.jpeg 739w, https:\/\/ledenonciateur224.com\/wp-content\/uploads\/2025\/01\/img-0226-217x300.jpeg 217w, https:\/\/ledenonciateur224.com\/wp-content\/uploads\/2025\/01\/img-0226-150x208.jpeg 150w, https:\/\/ledenonciateur224.com\/wp-content\/uploads\/2025\/01\/img-0226-300x416.jpeg 300w, https:\/\/ledenonciateur224.com\/wp-content\/uploads\/2025\/01\/img-0226-696x964.jpeg 696w, https:\/\/ledenonciateur224.com\/wp-content\/uploads\/2025\/01\/img-0226-303x420.jpeg 303w\" sizes=\"auto, (max-width: 739px) 100vw, 739px\" \/><\/p>\n<p><img loading=\"lazy\" decoding=\"async\" class=\"alignnone size-full wp-image-1193\" src=\"https:\/\/ledenonciateur224.com\/wp-content\/uploads\/2025\/01\/img-0225.jpeg\" alt=\"\" width=\"737\" height=\"1024\" srcset=\"https:\/\/ledenonciateur224.com\/wp-content\/uploads\/2025\/01\/img-0225.jpeg 737w, https:\/\/ledenonciateur224.com\/wp-content\/uploads\/2025\/01\/img-0225-216x300.jpeg 216w, https:\/\/ledenonciateur224.com\/wp-content\/uploads\/2025\/01\/img-0225-150x208.jpeg 150w, https:\/\/ledenonciateur224.com\/wp-content\/uploads\/2025\/01\/img-0225-300x417.jpeg 300w, https:\/\/ledenonciateur224.com\/wp-content\/uploads\/2025\/01\/img-0225-696x967.jpeg 696w, https:\/\/ledenonciateur224.com\/wp-content\/uploads\/2025\/01\/img-0225-302x420.jpeg 302w\" sizes=\"auto, (max-width: 737px) 100vw, 737px\" \/><\/p>\n","protected":false},"excerpt":{"rendered":"<p>Par le biais d\u2019un d\u00e9cret, le Pr\u00e9sident de la Transition a \u00e9tabli les montants des primes de fonction destin\u00e9es aux cadres sup\u00e9rieurs et aux responsables de l\u2019administration civile de l\u2019\u00c9tat. Sont notamment concern\u00e9s les secr\u00e9taires g\u00e9n\u00e9raux des d\u00e9partements minist\u00e9riels, les chefs de cabinet, certains fonctionnaires des gouvernorats, ainsi que les pr\u00e9fets et sous-pr\u00e9fets. &nbsp; Les [&hellip;]<\/p>\n","protected":false},"author":2,"featured_media":1194,"comment_status":"open","ping_status":"open","sticky":false,"template":"","format":"standard","meta":{"_jetpack_memberships_contains_paid_content":false,"footnotes":"","jetpack_publicize_message":"","jetpack_publicize_feature_enabled":true,"jetpack_social_post_already_shared":false,"jetpack_social_options":{"image_generator_settings":{"template":"highway","default_image_id":0,"font":"","enabled":false},"version":2}},"categories":[29,24,27],"tags":[36,35,286],"class_list":{"0":"post-1189","1":"post","2":"type-post","3":"status-publish","4":"format-standard","5":"has-post-thumbnail","7":"category-economie","8":"category-news","9":"category-politique","10":"tag-conakry","11":"tag-guinee","12":"tag-primes-des-fonctions-des-hauts-cadres"},"jetpack_publicize_connections":[],"jetpack_featured_media_url":"https:\/\/ledenonciateur224.com\/wp-content\/uploads\/2025\/01\/img-20250119-wa0081.jpg","jetpack_sharing_enabled":true,"_links":{"self":[{"href":"https:\/\/ledenonciateur224.com\/index.php\/wp-json\/wp\/v2\/posts\/1189","targetHints":{"allow":["GET"]}}],"collection":[{"href":"https:\/\/ledenonciateur224.com\/index.php\/wp-json\/wp\/v2\/posts"}],"about":[{"href":"https:\/\/ledenonciateur224.com\/index.php\/wp-json\/wp\/v2\/types\/post"}],"author":[{"embeddable":true,"href":"https:\/\/ledenonciateur224.com\/index.php\/wp-json\/wp\/v2\/users\/2"}],"replies":[{"embeddable":true,"href":"https:\/\/ledenonciateur224.com\/index.php\/wp-json\/wp\/v2\/comments?post=1189"}],"version-history":[{"count":0,"href":"https:\/\/ledenonciateur224.com\/index.php\/wp-json\/wp\/v2\/posts\/1189\/revisions"}],"wp:featuredmedia":[{"embeddable":true,"href":"https:\/\/ledenonciateur224.com\/index.php\/wp-json\/wp\/v2\/media\/1194"}],"wp:attachment":[{"href":"https:\/\/ledenonciateur224.com\/index.php\/wp-json\/wp\/v2\/media?parent=1189"}],"wp:term":[{"taxonomy":"category","embeddable":true,"href":"https:\/\/ledenonciateur224.com\/index.php\/wp-json\/wp\/v2\/categories?post=1189"},{"taxonomy":"post_tag","embeddable":true,"href":"https:\/\/ledenonciateur224.com\/index.php\/wp-json\/wp\/v2\/tags?post=1189"}],"curies":[{"name":"wp","href":"https:\/\/api.w.org\/{rel}","templated":true}]}}