{"id":1203,"date":"2025-01-31T08:33:47","date_gmt":"2025-01-31T08:33:47","guid":{"rendered":"https:\/\/ledenonciateur224.com\/?p=1203"},"modified":"2025-01-31T08:33:47","modified_gmt":"2025-01-31T08:33:47","slug":"lufdg-annonce-la-tenue-de-son-congres-extraordinaire-en-avril-2025","status":"publish","type":"post","link":"https:\/\/ledenonciateur224.com\/index.php\/lufdg-annonce-la-tenue-de-son-congres-extraordinaire-en-avril-2025\/","title":{"rendered":"L\u2019UFDG annonce la tenue de son congr\u00e8s extraordinaire en avril 2025"},"content":{"rendered":"<p>L&rsquo;Union des Forces D\u00e9mocratiques de Guin\u00e9e (UFDG) a r\u00e9v\u00e9l\u00e9 qu\u2019un congr\u00e8s extraordinaire se tiendra en avril 2025. Cet \u00e9v\u00e9nement important permettra de renouveler les instances dirigeantes du parti, de r\u00e9viser ses textes fondamentaux et d\u2019adapter son projet de soci\u00e9t\u00e9 aux enjeux actuels du pays.<\/p>\n<p><img loading=\"lazy\" decoding=\"async\" class=\"alignnone size-full wp-image-1204\" src=\"https:\/\/ledenonciateur224.com\/wp-content\/uploads\/2025\/01\/fb-img-1738257055827-732x1024-1.jpg\" alt=\"\" width=\"732\" height=\"1024\" srcset=\"https:\/\/ledenonciateur224.com\/wp-content\/uploads\/2025\/01\/fb-img-1738257055827-732x1024-1.jpg 732w, https:\/\/ledenonciateur224.com\/wp-content\/uploads\/2025\/01\/fb-img-1738257055827-732x1024-1-214x300.jpg 214w, https:\/\/ledenonciateur224.com\/wp-content\/uploads\/2025\/01\/fb-img-1738257055827-732x1024-1-150x210.jpg 150w, https:\/\/ledenonciateur224.com\/wp-content\/uploads\/2025\/01\/fb-img-1738257055827-732x1024-1-300x420.jpg 300w, https:\/\/ledenonciateur224.com\/wp-content\/uploads\/2025\/01\/fb-img-1738257055827-732x1024-1-696x974.jpg 696w\" sizes=\"auto, (max-width: 732px) 100vw, 732px\" \/><\/p>\n<p>&nbsp;<\/p>\n<p><img loading=\"lazy\" decoding=\"async\" class=\"alignnone size-full wp-image-1205\" src=\"https:\/\/ledenonciateur224.com\/wp-content\/uploads\/2025\/01\/fb-img-1738257062309-736x1024-1.jpg\" alt=\"\" width=\"736\" height=\"1024\" srcset=\"https:\/\/ledenonciateur224.com\/wp-content\/uploads\/2025\/01\/fb-img-1738257062309-736x1024-1.jpg 736w, https:\/\/ledenonciateur224.com\/wp-content\/uploads\/2025\/01\/fb-img-1738257062309-736x1024-1-216x300.jpg 216w, https:\/\/ledenonciateur224.com\/wp-content\/uploads\/2025\/01\/fb-img-1738257062309-736x1024-1-150x209.jpg 150w, https:\/\/ledenonciateur224.com\/wp-content\/uploads\/2025\/01\/fb-img-1738257062309-736x1024-1-300x417.jpg 300w, https:\/\/ledenonciateur224.com\/wp-content\/uploads\/2025\/01\/fb-img-1738257062309-736x1024-1-696x968.jpg 696w, https:\/\/ledenonciateur224.com\/wp-content\/uploads\/2025\/01\/fb-img-1738257062309-736x1024-1-302x420.jpg 302w\" sizes=\"auto, (max-width: 736px) 100vw, 736px\" \/><\/p>\n","protected":false},"excerpt":{"rendered":"<p>L&rsquo;Union des Forces D\u00e9mocratiques de Guin\u00e9e (UFDG) a r\u00e9v\u00e9l\u00e9 qu\u2019un congr\u00e8s extraordinaire se tiendra en avril 2025. Cet \u00e9v\u00e9nement important permettra de renouveler les instances dirigeantes du parti, de r\u00e9viser ses textes fondamentaux et d\u2019adapter son projet de soci\u00e9t\u00e9 aux enjeux actuels du pays. &nbsp;<\/p>\n","protected":false},"author":2,"featured_media":1206,"comment_status":"open","ping_status":"open","sticky":false,"template":"","format":"standard","meta":{"_jetpack_memberships_contains_paid_content":false,"footnotes":"","jetpack_publicize_message":"","jetpack_publicize_feature_enabled":true,"jetpack_social_post_already_shared":false,"jetpack_social_options":{"image_generator_settings":{"template":"highway","default_image_id":0,"font":"","enabled":false},"version":2}},"categories":[24,27],"tags":[221,35,65],"class_list":{"0":"post-1203","1":"post","2":"type-post","3":"status-publish","4":"format-standard","5":"has-post-thumbnail","7":"category-news","8":"category-politique","9":"tag-congres-electif","10":"tag-guinee","11":"tag-ufdg"},"jetpack_publicize_connections":[],"jetpack_featured_media_url":"https:\/\/ledenonciateur224.com\/wp-content\/uploads\/2025\/01\/cellou-usa-768x570-1.jpg","jetpack_sharing_enabled":true,"_links":{"self":[{"href":"https:\/\/ledenonciateur224.com\/index.php\/wp-json\/wp\/v2\/posts\/1203","targetHints":{"allow":["GET"]}}],"collection":[{"href":"https:\/\/ledenonciateur224.com\/index.php\/wp-json\/wp\/v2\/posts"}],"about":[{"href":"https:\/\/ledenonciateur224.com\/index.php\/wp-json\/wp\/v2\/types\/post"}],"author":[{"embeddable":true,"href":"https:\/\/ledenonciateur224.com\/index.php\/wp-json\/wp\/v2\/users\/2"}],"replies":[{"embeddable":true,"href":"https:\/\/ledenonciateur224.com\/index.php\/wp-json\/wp\/v2\/comments?post=1203"}],"version-history":[{"count":0,"href":"https:\/\/ledenonciateur224.com\/index.php\/wp-json\/wp\/v2\/posts\/1203\/revisions"}],"wp:featuredmedia":[{"embeddable":true,"href":"https:\/\/ledenonciateur224.com\/index.php\/wp-json\/wp\/v2\/media\/1206"}],"wp:attachment":[{"href":"https:\/\/ledenonciateur224.com\/index.php\/wp-json\/wp\/v2\/media?parent=1203"}],"wp:term":[{"taxonomy":"category","embeddable":true,"href":"https:\/\/ledenonciateur224.com\/index.php\/wp-json\/wp\/v2\/categories?post=1203"},{"taxonomy":"post_tag","embeddable":true,"href":"https:\/\/ledenonciateur224.com\/index.php\/wp-json\/wp\/v2\/tags?post=1203"}],"curies":[{"name":"wp","href":"https:\/\/api.w.org\/{rel}","templated":true}]}}