{"id":1227,"date":"2025-02-01T12:55:16","date_gmt":"2025-02-01T12:55:16","guid":{"rendered":"https:\/\/ledenonciateur224.com\/?p=1227"},"modified":"2025-02-01T12:55:16","modified_gmt":"2025-02-01T12:55:16","slug":"mohamed-camara-journaliste-de-liberationinfo-com-sengage-dans-un-mariage-symbolique-avec-fatoumata-doumbouya","status":"publish","type":"post","link":"https:\/\/ledenonciateur224.com\/index.php\/mohamed-camara-journaliste-de-liberationinfo-com-sengage-dans-un-mariage-symbolique-avec-fatoumata-doumbouya\/","title":{"rendered":"Mohamed Camara, journaliste de Lib\u00e9rationinfo.com, s&rsquo;engage dans un mariage symbolique avec Fatoumata Doumbouya"},"content":{"rendered":"<p>Le samedi 1er f\u00e9vrier 2025, devant Dieu et les hommes, Mohamed Camara, journaliste et administrateur du site Lib\u00e9rationinfo.com, a uni sa destin\u00e9e \u00e0 celle de Fatoumata Doumbouya lors d&rsquo;une c\u00e9r\u00e9monie civile \u00e0 l&rsquo;\u00e9tat civil de Matoto.<\/p>\n<p><img loading=\"lazy\" decoding=\"async\" class=\"alignnone size-full wp-image-1228\" src=\"https:\/\/ledenonciateur224.com\/wp-content\/uploads\/2025\/02\/20250201-104152.jpg\" alt=\"\" width=\"1616\" height=\"1701\" srcset=\"https:\/\/ledenonciateur224.com\/wp-content\/uploads\/2025\/02\/20250201-104152.jpg 1616w, https:\/\/ledenonciateur224.com\/wp-content\/uploads\/2025\/02\/20250201-104152-285x300.jpg 285w, https:\/\/ledenonciateur224.com\/wp-content\/uploads\/2025\/02\/20250201-104152-973x1024.jpg 973w, https:\/\/ledenonciateur224.com\/wp-content\/uploads\/2025\/02\/20250201-104152-768x808.jpg 768w, https:\/\/ledenonciateur224.com\/wp-content\/uploads\/2025\/02\/20250201-104152-1459x1536.jpg 1459w, https:\/\/ledenonciateur224.com\/wp-content\/uploads\/2025\/02\/20250201-104152-150x158.jpg 150w, https:\/\/ledenonciateur224.com\/wp-content\/uploads\/2025\/02\/20250201-104152-300x316.jpg 300w, https:\/\/ledenonciateur224.com\/wp-content\/uploads\/2025\/02\/20250201-104152-696x733.jpg 696w, https:\/\/ledenonciateur224.com\/wp-content\/uploads\/2025\/02\/20250201-104152-1068x1124.jpg 1068w, https:\/\/ledenonciateur224.com\/wp-content\/uploads\/2025\/02\/20250201-104152-399x420.jpg 399w\" sizes=\"auto, (max-width: 1616px) 100vw, 1616px\" \/><\/p>\n<p>Entour\u00e9s de nombreux professionnels des m\u00e9dias, ainsi que de leurs familles et coll\u00e8gues, les deux amoureux ont officialis\u00e9 leur engagement. Ce mariage marque un moment important et d\u00e9cisif dans la vie de Mohamed Camara, qui a choisi de partager son avenir avec une femme issue d\u2019une famille respect\u00e9e et noble.<\/p>\n<p><img loading=\"lazy\" decoding=\"async\" class=\"alignnone size-full wp-image-1229\" src=\"https:\/\/ledenonciateur224.com\/wp-content\/uploads\/2025\/02\/20250201-103828-scaled.jpg\" alt=\"\" width=\"2560\" height=\"1991\" srcset=\"https:\/\/ledenonciateur224.com\/wp-content\/uploads\/2025\/02\/20250201-103828-scaled.jpg 2560w, https:\/\/ledenonciateur224.com\/wp-content\/uploads\/2025\/02\/20250201-103828-300x233.jpg 300w, https:\/\/ledenonciateur224.com\/wp-content\/uploads\/2025\/02\/20250201-103828-1024x796.jpg 1024w, https:\/\/ledenonciateur224.com\/wp-content\/uploads\/2025\/02\/20250201-103828-768x597.jpg 768w, https:\/\/ledenonciateur224.com\/wp-content\/uploads\/2025\/02\/20250201-103828-1536x1195.jpg 1536w, https:\/\/ledenonciateur224.com\/wp-content\/uploads\/2025\/02\/20250201-103828-2048x1593.jpg 2048w, https:\/\/ledenonciateur224.com\/wp-content\/uploads\/2025\/02\/20250201-103828-150x117.jpg 150w, https:\/\/ledenonciateur224.com\/wp-content\/uploads\/2025\/02\/20250201-103828-696x541.jpg 696w, https:\/\/ledenonciateur224.com\/wp-content\/uploads\/2025\/02\/20250201-103828-1068x831.jpg 1068w, https:\/\/ledenonciateur224.com\/wp-content\/uploads\/2025\/02\/20250201-103828-1920x1493.jpg 1920w, https:\/\/ledenonciateur224.com\/wp-content\/uploads\/2025\/02\/20250201-103828-540x420.jpg 540w\" sizes=\"auto, (max-width: 2560px) 100vw, 2560px\" \/><\/p>\n<p>L&rsquo;administration g\u00e9n\u00e9rale et la direction de Ledenonciateur224.com ont exprim\u00e9 leurs v\u0153ux de bonheur et de prosp\u00e9rit\u00e9 aux jeunes mari\u00e9s, les f\u00e9licitant pour cette nouvelle \u00e9tape de leur vie commune.<\/p>\n<p><img loading=\"lazy\" decoding=\"async\" class=\"alignnone size-full wp-image-1230\" src=\"https:\/\/ledenonciateur224.com\/wp-content\/uploads\/2025\/02\/20250201-103340-scaled.jpg\" alt=\"\" width=\"2560\" height=\"1440\" srcset=\"https:\/\/ledenonciateur224.com\/wp-content\/uploads\/2025\/02\/20250201-103340-scaled.jpg 2560w, https:\/\/ledenonciateur224.com\/wp-content\/uploads\/2025\/02\/20250201-103340-300x169.jpg 300w, https:\/\/ledenonciateur224.com\/wp-content\/uploads\/2025\/02\/20250201-103340-1024x576.jpg 1024w, https:\/\/ledenonciateur224.com\/wp-content\/uploads\/2025\/02\/20250201-103340-768x432.jpg 768w, https:\/\/ledenonciateur224.com\/wp-content\/uploads\/2025\/02\/20250201-103340-1536x864.jpg 1536w, https:\/\/ledenonciateur224.com\/wp-content\/uploads\/2025\/02\/20250201-103340-2048x1152.jpg 2048w, https:\/\/ledenonciateur224.com\/wp-content\/uploads\/2025\/02\/20250201-103340-150x84.jpg 150w, https:\/\/ledenonciateur224.com\/wp-content\/uploads\/2025\/02\/20250201-103340-696x392.jpg 696w, https:\/\/ledenonciateur224.com\/wp-content\/uploads\/2025\/02\/20250201-103340-1068x601.jpg 1068w, https:\/\/ledenonciateur224.com\/wp-content\/uploads\/2025\/02\/20250201-103340-1920x1080.jpg 1920w, https:\/\/ledenonciateur224.com\/wp-content\/uploads\/2025\/02\/20250201-103340-747x420.jpg 747w\" sizes=\"auto, (max-width: 2560px) 100vw, 2560px\" \/><\/p>\n<p>&nbsp;<\/p>\n<p>Aboubacar Moussa Camara<\/p>\n<p>622 42 41 87<\/p>\n","protected":false},"excerpt":{"rendered":"<p>Le samedi 1er f\u00e9vrier 2025, devant Dieu et les hommes, Mohamed Camara, journaliste et administrateur du site Lib\u00e9rationinfo.com, a uni sa destin\u00e9e \u00e0 celle de Fatoumata Doumbouya lors d&rsquo;une c\u00e9r\u00e9monie civile \u00e0 l&rsquo;\u00e9tat civil de Matoto. Entour\u00e9s de nombreux professionnels des m\u00e9dias, ainsi que de leurs familles et coll\u00e8gues, les deux amoureux ont officialis\u00e9 leur [&hellip;]<\/p>\n","protected":false},"author":2,"featured_media":1231,"comment_status":"open","ping_status":"open","sticky":false,"template":"","format":"standard","meta":{"_jetpack_memberships_contains_paid_content":false,"footnotes":"","jetpack_publicize_message":"","jetpack_publicize_feature_enabled":true,"jetpack_social_post_already_shared":false,"jetpack_social_options":{"image_generator_settings":{"template":"highway","default_image_id":0,"font":"","enabled":false},"version":2}},"categories":[28,24],"tags":[293,238,41],"class_list":{"0":"post-1227","1":"post","2":"type-post","3":"status-publish","4":"format-standard","5":"has-post-thumbnail","7":"category-culture","8":"category-news","9":"tag-etat-civil","10":"tag-mariage","11":"tag-medias-guineens"},"jetpack_publicize_connections":[],"jetpack_featured_media_url":"https:\/\/ledenonciateur224.com\/wp-content\/uploads\/2025\/02\/20250201-104155.jpg","jetpack_sharing_enabled":true,"_links":{"self":[{"href":"https:\/\/ledenonciateur224.com\/index.php\/wp-json\/wp\/v2\/posts\/1227","targetHints":{"allow":["GET"]}}],"collection":[{"href":"https:\/\/ledenonciateur224.com\/index.php\/wp-json\/wp\/v2\/posts"}],"about":[{"href":"https:\/\/ledenonciateur224.com\/index.php\/wp-json\/wp\/v2\/types\/post"}],"author":[{"embeddable":true,"href":"https:\/\/ledenonciateur224.com\/index.php\/wp-json\/wp\/v2\/users\/2"}],"replies":[{"embeddable":true,"href":"https:\/\/ledenonciateur224.com\/index.php\/wp-json\/wp\/v2\/comments?post=1227"}],"version-history":[{"count":0,"href":"https:\/\/ledenonciateur224.com\/index.php\/wp-json\/wp\/v2\/posts\/1227\/revisions"}],"wp:featuredmedia":[{"embeddable":true,"href":"https:\/\/ledenonciateur224.com\/index.php\/wp-json\/wp\/v2\/media\/1231"}],"wp:attachment":[{"href":"https:\/\/ledenonciateur224.com\/index.php\/wp-json\/wp\/v2\/media?parent=1227"}],"wp:term":[{"taxonomy":"category","embeddable":true,"href":"https:\/\/ledenonciateur224.com\/index.php\/wp-json\/wp\/v2\/categories?post=1227"},{"taxonomy":"post_tag","embeddable":true,"href":"https:\/\/ledenonciateur224.com\/index.php\/wp-json\/wp\/v2\/tags?post=1227"}],"curies":[{"name":"wp","href":"https:\/\/api.w.org\/{rel}","templated":true}]}}