{"id":1233,"date":"2025-02-01T13:14:32","date_gmt":"2025-02-01T13:14:32","guid":{"rendered":"https:\/\/ledenonciateur224.com\/?p=1233"},"modified":"2025-02-01T13:14:32","modified_gmt":"2025-02-01T13:14:32","slug":"kankan-la-candidature-du-general-mamadi-doumbouya-en-discussion-parmi-ses-proches","status":"publish","type":"post","link":"https:\/\/ledenonciateur224.com\/index.php\/kankan-la-candidature-du-general-mamadi-doumbouya-en-discussion-parmi-ses-proches\/","title":{"rendered":"Kankan : La candidature du G\u00e9n\u00e9ral Mamadi Doumbouya en discussion parmi ses proches"},"content":{"rendered":"<p><strong>Plus de trois ans apr\u00e8s la prise du pouvoir par le CNRD, le d\u00e9bat autour de la candidature du pr\u00e9sident de la transition, le G\u00e9n\u00e9ral Mamadi Doumbouya, suscite de vives discussions. De nombreuses personnalit\u00e9s proches de lui, dont son bras droit et ministre secr\u00e9taire g\u00e9n\u00e9ral \u00e0 la pr\u00e9sidence, le g\u00e9n\u00e9ral Amara Camara, ont exprim\u00e9 leur souhait de le voir poursuivre \u00e0 la t\u00eate du pays. Lors d\u2019une grande marche blanche \u00e0 Kankan en faveur d\u2019une transition r\u00e9ussie, ce dernier a r\u00e9affirm\u00e9 son soutien ind\u00e9fectible au chef de l\u2019\u00c9tat.<\/strong><\/p>\n<p>&nbsp;<\/p>\n<p>\u00ab<em><strong>La candidature prochaine du pr\u00e9sident Mamadi Doumbouya est la seule alternative pour garantir le rassemblement des Guin\u00e9ens et l\u2019\u00e9lan du d\u00e9veloppement<\/strong> <\/em>\u00bb, a-t-il d\u00e9clar\u00e9.<\/p>\n<p>&nbsp;<\/p>\n<p>Alpha Soumah<\/p>\n","protected":false},"excerpt":{"rendered":"<p>Plus de trois ans apr\u00e8s la prise du pouvoir par le CNRD, le d\u00e9bat autour de la candidature du pr\u00e9sident de la transition, le G\u00e9n\u00e9ral Mamadi Doumbouya, suscite de vives discussions. De nombreuses personnalit\u00e9s proches de lui, dont son bras droit et ministre secr\u00e9taire g\u00e9n\u00e9ral \u00e0 la pr\u00e9sidence, le g\u00e9n\u00e9ral Amara Camara, ont exprim\u00e9 leur [&hellip;]<\/p>\n","protected":false},"author":2,"featured_media":1234,"comment_status":"open","ping_status":"open","sticky":false,"template":"","format":"standard","meta":{"_jetpack_memberships_contains_paid_content":false,"footnotes":"","jetpack_publicize_message":"","jetpack_publicize_feature_enabled":true,"jetpack_social_post_already_shared":false,"jetpack_social_options":{"image_generator_settings":{"template":"highway","default_image_id":0,"font":"","enabled":false},"version":2}},"categories":[24,27,33],"tags":[243,295,294],"class_list":{"0":"post-1233","1":"post","2":"type-post","3":"status-publish","4":"format-standard","5":"has-post-thumbnail","7":"category-news","8":"category-politique","9":"category-region","10":"tag-candidature-du-general-mamadi-doumbouya","11":"tag-general-amara-camara","12":"tag-kankan"},"jetpack_publicize_connections":[],"jetpack_featured_media_url":"https:\/\/ledenonciateur224.com\/wp-content\/uploads\/2025\/02\/img-20250131-wa0213.jpg","jetpack_sharing_enabled":true,"_links":{"self":[{"href":"https:\/\/ledenonciateur224.com\/index.php\/wp-json\/wp\/v2\/posts\/1233","targetHints":{"allow":["GET"]}}],"collection":[{"href":"https:\/\/ledenonciateur224.com\/index.php\/wp-json\/wp\/v2\/posts"}],"about":[{"href":"https:\/\/ledenonciateur224.com\/index.php\/wp-json\/wp\/v2\/types\/post"}],"author":[{"embeddable":true,"href":"https:\/\/ledenonciateur224.com\/index.php\/wp-json\/wp\/v2\/users\/2"}],"replies":[{"embeddable":true,"href":"https:\/\/ledenonciateur224.com\/index.php\/wp-json\/wp\/v2\/comments?post=1233"}],"version-history":[{"count":0,"href":"https:\/\/ledenonciateur224.com\/index.php\/wp-json\/wp\/v2\/posts\/1233\/revisions"}],"wp:featuredmedia":[{"embeddable":true,"href":"https:\/\/ledenonciateur224.com\/index.php\/wp-json\/wp\/v2\/media\/1234"}],"wp:attachment":[{"href":"https:\/\/ledenonciateur224.com\/index.php\/wp-json\/wp\/v2\/media?parent=1233"}],"wp:term":[{"taxonomy":"category","embeddable":true,"href":"https:\/\/ledenonciateur224.com\/index.php\/wp-json\/wp\/v2\/categories?post=1233"},{"taxonomy":"post_tag","embeddable":true,"href":"https:\/\/ledenonciateur224.com\/index.php\/wp-json\/wp\/v2\/tags?post=1233"}],"curies":[{"name":"wp","href":"https:\/\/api.w.org\/{rel}","templated":true}]}}