{"id":1236,"date":"2025-02-01T18:35:30","date_gmt":"2025-02-01T18:35:30","guid":{"rendered":"https:\/\/ledenonciateur224.com\/?p=1236"},"modified":"2025-02-01T18:35:30","modified_gmt":"2025-02-01T18:35:30","slug":"une-demoiselle-ne-peut-pas-apprendre-a-une-veille-femme-comment-preparer-le-jus-de-noix-de-palmier-tidiane-conte","status":"publish","type":"post","link":"https:\/\/ledenonciateur224.com\/index.php\/une-demoiselle-ne-peut-pas-apprendre-a-une-veille-femme-comment-preparer-le-jus-de-noix-de-palmier-tidiane-conte\/","title":{"rendered":"\u00ab\u00a0Une demoiselle ne peut pas apprendre \u00e0 une veille femme comment pr\u00e9parer le jus de noix de palmier\u00a0\u00bb Tidiane Cont\u00e9\u00a0"},"content":{"rendered":"<p>La r\u00e9cente d\u00e9claration du ministre porte-parole du gouvernement, Ousmane Gaoual Diallo, affirmant l\u2019impossibilit\u00e9 d\u2019organiser les \u00e9lections g\u00e9n\u00e9rales en 2025, continue de provoquer une agitation croissante au sein de la classe politique. Apr\u00e8s les r\u00e9actions de l&rsquo;ANAD, de l\u2019UFDG et du RPG Arc-en-ciel, c\u2019est au tour de l\u2019Union des Forces R\u00e9publicaines (UFR) de prendre position lors de son assembl\u00e9e g\u00e9n\u00e9rale, ce samedi 1er f\u00e9vrier 2025.<\/p>\n<p>&nbsp;<\/p>\n<p>Lors de cette r\u00e9union, un membre du bureau ex\u00e9cutif a point\u00e9 une incoh\u00e9rence flagrante entre les d\u00e9clarations du pr\u00e9sident Doumbouya et celles du ministre porte-parole. Selon lui, cette contradiction ne peut \u00eatre ignor\u00e9e.<\/p>\n<p>\u00ab Lorsque le pr\u00e9sident de la transition affirme que les \u00e9lections g\u00e9n\u00e9rales auront bien lieu en 2025, et que le ministre porte-parole du gouvernement soutient le contraire, il s&rsquo;agit d&rsquo;une incoh\u00e9rence totale. Mais soyez assur\u00e9s d&rsquo;une chose : cela fait trois ans que nous discutons de cette question, et cela ne se fera pas sans nous. Les \u00e9lections auront lieu. Le futur dirigeant de la Guin\u00e9e devra \u00eatre un pr\u00e9sident \u00e9lu d\u00e9mocratiquement, et non choisi par les armes. Cela fait plus de deux ans que nous le r\u00e9p\u00e9tons, nous expliquons, mais personne ne semble vouloir comprendre. L\u2019\u00c9tat n\u2019est pas l\u2019arm\u00e9e. Ce n\u2019est pas dans un camp militaire que les d\u00e9cisions doivent \u00eatre prises. Certes, l\u2019arm\u00e9e a un r\u00f4le crucial \u00e0 jouer dans la protection et la stabilit\u00e9 du pays, mais elle n\u2019a pas \u00e0 se substituer aux instances civiles dans la gestion de la nation. \u00bb<\/p>\n<p>Il poursuit : \u00ab Toutes les entit\u00e9s du pays doivent \u00eatre impliqu\u00e9es : partis politiques, soci\u00e9t\u00e9 civile, syndicats\u2026 Chacun a son mot \u00e0 dire. Mais on ne peut pas simplement d\u00e9cider de les \u00e9carter sous pr\u00e9texte qu\u2019ils posent des questions l\u00e9gitimes. Ce n\u2019est pas ainsi que cela fonctionne, et ce genre de posture ne passera jamais. \u00bb<\/p>\n<p>Plus loin, Ahmed Tidiane Cont\u00e9 ajoute, pour souligner leur exp\u00e9rience et leur d\u00e9termination face \u00e0 la situation actuelle :<\/p>\n<p>\u00ab Ne vous laissez pas perturber par les annonces contradictoires qui circulent. Nous avons l\u2019exp\u00e9rience n\u00e9cessaire pour comprendre ce genre de situation. Comme le dit un vieux proverbe : \u00ab\u00a0On ne peut pas apprendre \u00e0 une vieille dame \u00e0 faire du jus de pain\u00a0\u00bb, autrement dit, une jeune fille ne peut pas enseigner \u00e0 une vieille dame comment pr\u00e9parer cette boisson traditionnelle. \u00bb<\/p>\n<p>&nbsp;<\/p>\n<p>&nbsp;<\/p>\n<p>Ledenonciateur224.com<\/p>\n","protected":false},"excerpt":{"rendered":"<p>La r\u00e9cente d\u00e9claration du ministre porte-parole du gouvernement, Ousmane Gaoual Diallo, affirmant l\u2019impossibilit\u00e9 d\u2019organiser les \u00e9lections g\u00e9n\u00e9rales en 2025, continue de provoquer une agitation croissante au sein de la classe politique. Apr\u00e8s les r\u00e9actions de l&rsquo;ANAD, de l\u2019UFDG et du RPG Arc-en-ciel, c\u2019est au tour de l\u2019Union des Forces R\u00e9publicaines (UFR) de prendre position lors [&hellip;]<\/p>\n","protected":false},"author":2,"featured_media":870,"comment_status":"open","ping_status":"open","sticky":false,"template":"","format":"standard","meta":{"_jetpack_memberships_contains_paid_content":false,"footnotes":"","jetpack_publicize_message":"","jetpack_publicize_feature_enabled":true,"jetpack_social_post_already_shared":false,"jetpack_social_options":{"image_generator_settings":{"template":"highway","default_image_id":0,"font":"","enabled":false},"version":2}},"categories":[24,27],"tags":[196,66,98],"class_list":{"0":"post-1236","1":"post","2":"type-post","3":"status-publish","4":"format-standard","5":"has-post-thumbnail","7":"category-news","8":"category-politique","9":"tag-tidiane-conte","10":"tag-transition","11":"tag-ufr"},"jetpack_publicize_connections":[],"jetpack_featured_media_url":"https:\/\/ledenonciateur224.com\/wp-content\/uploads\/2025\/01\/conte-ufr-1024x461-1.jpg","jetpack_sharing_enabled":true,"_links":{"self":[{"href":"https:\/\/ledenonciateur224.com\/index.php\/wp-json\/wp\/v2\/posts\/1236","targetHints":{"allow":["GET"]}}],"collection":[{"href":"https:\/\/ledenonciateur224.com\/index.php\/wp-json\/wp\/v2\/posts"}],"about":[{"href":"https:\/\/ledenonciateur224.com\/index.php\/wp-json\/wp\/v2\/types\/post"}],"author":[{"embeddable":true,"href":"https:\/\/ledenonciateur224.com\/index.php\/wp-json\/wp\/v2\/users\/2"}],"replies":[{"embeddable":true,"href":"https:\/\/ledenonciateur224.com\/index.php\/wp-json\/wp\/v2\/comments?post=1236"}],"version-history":[{"count":0,"href":"https:\/\/ledenonciateur224.com\/index.php\/wp-json\/wp\/v2\/posts\/1236\/revisions"}],"wp:featuredmedia":[{"embeddable":true,"href":"https:\/\/ledenonciateur224.com\/index.php\/wp-json\/wp\/v2\/media\/870"}],"wp:attachment":[{"href":"https:\/\/ledenonciateur224.com\/index.php\/wp-json\/wp\/v2\/media?parent=1236"}],"wp:term":[{"taxonomy":"category","embeddable":true,"href":"https:\/\/ledenonciateur224.com\/index.php\/wp-json\/wp\/v2\/categories?post=1236"},{"taxonomy":"post_tag","embeddable":true,"href":"https:\/\/ledenonciateur224.com\/index.php\/wp-json\/wp\/v2\/tags?post=1236"}],"curies":[{"name":"wp","href":"https:\/\/api.w.org\/{rel}","templated":true}]}}