{"id":1243,"date":"2025-02-02T00:52:01","date_gmt":"2025-02-02T00:52:01","guid":{"rendered":"https:\/\/ledenonciateur224.com\/?p=1243"},"modified":"2025-02-02T00:52:01","modified_gmt":"2025-02-02T00:52:01","slug":"kankan-les-proches-du-general-mamadi-doumbouya-annoncent-officiellement-sa-candidature-a-la-presidentielle","status":"publish","type":"post","link":"https:\/\/ledenonciateur224.com\/index.php\/kankan-les-proches-du-general-mamadi-doumbouya-annoncent-officiellement-sa-candidature-a-la-presidentielle\/","title":{"rendered":"Kankan : Les proches du G\u00e9n\u00e9ral Mamadi Doumbouya annoncent officiellement sa candidature \u00e0 la pr\u00e9sidentielle"},"content":{"rendered":"<p>La candidature du G\u00e9n\u00e9ral Mamadi Doumbouya aux \u00e9lections pr\u00e9sidentielles de 2025 en Guin\u00e9e ne fait plus aucun doute. Lors d&rsquo;un meeting \u00e0 Kankan, ce samedi 1er f\u00e9vrier, Mory Cond\u00e9 et le G\u00e9n\u00e9ral Amara Camara ont confirm\u00e9 son engagement politique. D&rsquo;apr\u00e8s nos confr\u00e8res de Mosa\u00efque, le ministre de l&rsquo;Urbanisme et de l&rsquo;Habitat a r\u00e9affirm\u00e9 leur soutien total \u00e0 Doumbouya, soulignant que cette volont\u00e9 est partag\u00e9e par les autorit\u00e9s locales de Kankan, renfor\u00e7ant ainsi l&rsquo;\u00e9lan de sa candidature.<\/p>\n<div dir=\"auto\">\n<div>\n<div><ins><\/p>\n<div><\/div>\n<p><\/ins><\/div>\n<\/div>\n<\/div>\n<p><em>\u00ab Nous sommes aujourd\u2019hui convaincus que notre champion, notre candidat, sera bel et bien le g\u00e9n\u00e9ral Mamadi Doumbouya. Et nous l\u2019affirmons haut, ici \u00e0 Kankan, pour demander \u00e0 la population de se mobiliser comme un seul homme, pour se dresser derri\u00e8re cet homme, afin de lui conf\u00e9rer leurs voix pendant les futures \u00e9ch\u00e9ances \u00e9lectorales \u00e0 venir. Les autorit\u00e9s locales ont \u00e9galement demand\u00e9, au regard des innombrables r\u00e9alisations du chef de l\u2019Etat, le g\u00e9n\u00e9ral Mamadi Doumbouya, \u00e0 ce que lors des prochaines \u00e9ch\u00e9ances \u00e9lectorales \u00e0 venir, qu\u2019il puisse se porter candidat afin de parachever les vastes chantiers des r\u00e9formes entam\u00e9es depuis le 5 septembre 2021 \u00bb<\/em>, a laiss\u00e9 entendre Mory Cond\u00e9.<\/p>\n<p>&nbsp;<\/p>\n<p>Ledenonciateur224.com<\/p>\n","protected":false},"excerpt":{"rendered":"<p>La candidature du G\u00e9n\u00e9ral Mamadi Doumbouya aux \u00e9lections pr\u00e9sidentielles de 2025 en Guin\u00e9e ne fait plus aucun doute. Lors d&rsquo;un meeting \u00e0 Kankan, ce samedi 1er f\u00e9vrier, Mory Cond\u00e9 et le G\u00e9n\u00e9ral Amara Camara ont confirm\u00e9 son engagement politique. D&rsquo;apr\u00e8s nos confr\u00e8res de Mosa\u00efque, le ministre de l&rsquo;Urbanisme et de l&rsquo;Habitat a r\u00e9affirm\u00e9 leur soutien [&hellip;]<\/p>\n","protected":false},"author":2,"featured_media":1244,"comment_status":"open","ping_status":"open","sticky":false,"template":"","format":"standard","meta":{"_jetpack_memberships_contains_paid_content":false,"footnotes":"","jetpack_publicize_message":"","jetpack_publicize_feature_enabled":true,"jetpack_social_post_already_shared":false,"jetpack_social_options":{"image_generator_settings":{"template":"highway","default_image_id":0,"font":"","enabled":false},"version":2}},"categories":[24,27,33],"tags":[243,294],"class_list":{"0":"post-1243","1":"post","2":"type-post","3":"status-publish","4":"format-standard","5":"has-post-thumbnail","7":"category-news","8":"category-politique","9":"category-region","10":"tag-candidature-du-general-mamadi-doumbouya","11":"tag-kankan"},"jetpack_publicize_connections":[],"jetpack_featured_media_url":"https:\/\/ledenonciateur224.com\/wp-content\/uploads\/2025\/02\/img-20250131-wa0164.jpg","jetpack_sharing_enabled":true,"_links":{"self":[{"href":"https:\/\/ledenonciateur224.com\/index.php\/wp-json\/wp\/v2\/posts\/1243","targetHints":{"allow":["GET"]}}],"collection":[{"href":"https:\/\/ledenonciateur224.com\/index.php\/wp-json\/wp\/v2\/posts"}],"about":[{"href":"https:\/\/ledenonciateur224.com\/index.php\/wp-json\/wp\/v2\/types\/post"}],"author":[{"embeddable":true,"href":"https:\/\/ledenonciateur224.com\/index.php\/wp-json\/wp\/v2\/users\/2"}],"replies":[{"embeddable":true,"href":"https:\/\/ledenonciateur224.com\/index.php\/wp-json\/wp\/v2\/comments?post=1243"}],"version-history":[{"count":0,"href":"https:\/\/ledenonciateur224.com\/index.php\/wp-json\/wp\/v2\/posts\/1243\/revisions"}],"wp:featuredmedia":[{"embeddable":true,"href":"https:\/\/ledenonciateur224.com\/index.php\/wp-json\/wp\/v2\/media\/1244"}],"wp:attachment":[{"href":"https:\/\/ledenonciateur224.com\/index.php\/wp-json\/wp\/v2\/media?parent=1243"}],"wp:term":[{"taxonomy":"category","embeddable":true,"href":"https:\/\/ledenonciateur224.com\/index.php\/wp-json\/wp\/v2\/categories?post=1243"},{"taxonomy":"post_tag","embeddable":true,"href":"https:\/\/ledenonciateur224.com\/index.php\/wp-json\/wp\/v2\/tags?post=1243"}],"curies":[{"name":"wp","href":"https:\/\/api.w.org\/{rel}","templated":true}]}}