{"id":1247,"date":"2025-02-02T21:35:07","date_gmt":"2025-02-02T21:35:07","guid":{"rendered":"https:\/\/ledenonciateur224.com\/?p=1247"},"modified":"2025-02-02T21:35:07","modified_gmt":"2025-02-02T21:35:07","slug":"le-president-mamadi-doumbouya-annonce-la-gratuite-de-la-carte-didentite-biometrique","status":"publish","type":"post","link":"https:\/\/ledenonciateur224.com\/index.php\/le-president-mamadi-doumbouya-annonce-la-gratuite-de-la-carte-didentite-biometrique\/","title":{"rendered":"Le pr\u00e9sident Mamadi Doumbouya annonce la gratuit\u00e9 de la carte d\u2019identit\u00e9 biom\u00e9trique"},"content":{"rendered":"<p>Le pr\u00e9sident Mamadi Doumbouya a pris une d\u00e9cision importante ce dimanche 2 f\u00e9vrier 2025. Dans un d\u00e9cret lu en direct \u00e0 la t\u00e9l\u00e9vision nationale (RTG) par le G\u00e9n\u00e9ral Amara Camara, porte-parole de la Pr\u00e9sidence, le Chef de l&rsquo;\u00c9tat a d\u00e9cid\u00e9 de rendre gratuite la d\u00e9livrance de la carte d\u2019identit\u00e9 nationale biom\u00e9trique.<\/p>\n<p>\u00ab\u00a0La carte nationale d\u2019identit\u00e9 biom\u00e9trique est gratuite pour tous les citoyens guin\u00e9ens pour une premi\u00e8re demande\u00a0\u00bb, indique le D\u00e9cret lu ce soir par le ministre Secr\u00e9taire G\u00e9n\u00e9ral de la Pr\u00e9sidence.<\/p>\n<p>Les conditions et les modalit\u00e9s d\u2019application de la gratuit\u00e9 de la carte nationale d\u2019identit\u00e9 biom\u00e9trique seront d\u00e9termin\u00e9es par arr\u00eat\u00e9 conjoint des ministres en charge de l\u2019Administration du Territoire et de la D\u00e9centralisation, de la S\u00e9curit\u00e9 et de la Protection civile et des Affaires \u00c9trang\u00e8res., pr\u00e9cise l\u2019acte pr\u00e9sidentiel en son article 2.<\/p>\n<p>&nbsp;<\/p>\n<p>Ledenonciateur224.com<\/p>\n","protected":false},"excerpt":{"rendered":"<p>Le pr\u00e9sident Mamadi Doumbouya a pris une d\u00e9cision importante ce dimanche 2 f\u00e9vrier 2025. Dans un d\u00e9cret lu en direct \u00e0 la t\u00e9l\u00e9vision nationale (RTG) par le G\u00e9n\u00e9ral Amara Camara, porte-parole de la Pr\u00e9sidence, le Chef de l&rsquo;\u00c9tat a d\u00e9cid\u00e9 de rendre gratuite la d\u00e9livrance de la carte d\u2019identit\u00e9 nationale biom\u00e9trique. \u00ab\u00a0La carte nationale d\u2019identit\u00e9 [&hellip;]<\/p>\n","protected":false},"author":2,"featured_media":1248,"comment_status":"open","ping_status":"open","sticky":false,"template":"","format":"standard","meta":{"_jetpack_memberships_contains_paid_content":false,"footnotes":"","jetpack_publicize_message":"","jetpack_publicize_feature_enabled":true,"jetpack_social_post_already_shared":false,"jetpack_social_options":{"image_generator_settings":{"template":"highway","default_image_id":0,"font":"","enabled":false},"version":2}},"categories":[30,24],"tags":[100,296],"class_list":{"0":"post-1247","1":"post","2":"type-post","3":"status-publish","4":"format-standard","5":"has-post-thumbnail","7":"category-faits-divers","8":"category-news","9":"tag-decret-du-president","10":"tag-gratuite-des-cartes-didentite-biometrique"},"jetpack_publicize_connections":[],"jetpack_featured_media_url":"https:\/\/ledenonciateur224.com\/wp-content\/uploads\/2025\/02\/img-20250125-wa0196.jpg","jetpack_sharing_enabled":true,"_links":{"self":[{"href":"https:\/\/ledenonciateur224.com\/index.php\/wp-json\/wp\/v2\/posts\/1247","targetHints":{"allow":["GET"]}}],"collection":[{"href":"https:\/\/ledenonciateur224.com\/index.php\/wp-json\/wp\/v2\/posts"}],"about":[{"href":"https:\/\/ledenonciateur224.com\/index.php\/wp-json\/wp\/v2\/types\/post"}],"author":[{"embeddable":true,"href":"https:\/\/ledenonciateur224.com\/index.php\/wp-json\/wp\/v2\/users\/2"}],"replies":[{"embeddable":true,"href":"https:\/\/ledenonciateur224.com\/index.php\/wp-json\/wp\/v2\/comments?post=1247"}],"version-history":[{"count":0,"href":"https:\/\/ledenonciateur224.com\/index.php\/wp-json\/wp\/v2\/posts\/1247\/revisions"}],"wp:featuredmedia":[{"embeddable":true,"href":"https:\/\/ledenonciateur224.com\/index.php\/wp-json\/wp\/v2\/media\/1248"}],"wp:attachment":[{"href":"https:\/\/ledenonciateur224.com\/index.php\/wp-json\/wp\/v2\/media?parent=1247"}],"wp:term":[{"taxonomy":"category","embeddable":true,"href":"https:\/\/ledenonciateur224.com\/index.php\/wp-json\/wp\/v2\/categories?post=1247"},{"taxonomy":"post_tag","embeddable":true,"href":"https:\/\/ledenonciateur224.com\/index.php\/wp-json\/wp\/v2\/tags?post=1247"}],"curies":[{"name":"wp","href":"https:\/\/api.w.org\/{rel}","templated":true}]}}