{"id":1252,"date":"2025-02-03T15:50:01","date_gmt":"2025-02-03T15:50:01","guid":{"rendered":"https:\/\/ledenonciateur224.com\/?p=1252"},"modified":"2025-02-03T15:50:01","modified_gmt":"2025-02-03T15:50:01","slug":"greve-a-la-cite-administrative-de-koloma-les-travailleurs-de-lacc-denoncent-la-sous-traitance-et-les-mauvaises-conditions-de-travail","status":"publish","type":"post","link":"https:\/\/ledenonciateur224.com\/index.php\/greve-a-la-cite-administrative-de-koloma-les-travailleurs-de-lacc-denoncent-la-sous-traitance-et-les-mauvaises-conditions-de-travail\/","title":{"rendered":"Gr\u00e8ve \u00e0 la Cit\u00e9 administrative de Koloma : Les travailleurs de l&rsquo;ACC d\u00e9noncent la sous-traitance et les mauvaises conditions de travail"},"content":{"rendered":"<p>Pr\u00e8s de\u00a0 3000 ouvriers de la soci\u00e9t\u00e9\u00a0<em>Arabian Construction Co<\/em>\u00a0(ACC), en charge de la construction des logements sociaux \u00e0 Koloma, ont cess\u00e9 leurs activit\u00e9s pour protester contre des conditions de travail jug\u00e9es inacceptables. Cette action, loin d\u2019\u00eatre isol\u00e9e, survient apr\u00e8s plusieurs mois de frustration grandissante face \u00e0 des salaires d\u00e9risoires et des promesses non tenues.<\/p>\n<p><img loading=\"lazy\" decoding=\"async\" class=\"alignnone size-full wp-image-1254\" src=\"https:\/\/ledenonciateur224.com\/wp-content\/uploads\/2025\/02\/img-20250203-wa0150.jpg\" alt=\"\" width=\"1280\" height=\"576\" srcset=\"https:\/\/ledenonciateur224.com\/wp-content\/uploads\/2025\/02\/img-20250203-wa0150.jpg 1280w, https:\/\/ledenonciateur224.com\/wp-content\/uploads\/2025\/02\/img-20250203-wa0150-300x135.jpg 300w, https:\/\/ledenonciateur224.com\/wp-content\/uploads\/2025\/02\/img-20250203-wa0150-1024x461.jpg 1024w, https:\/\/ledenonciateur224.com\/wp-content\/uploads\/2025\/02\/img-20250203-wa0150-768x346.jpg 768w, https:\/\/ledenonciateur224.com\/wp-content\/uploads\/2025\/02\/img-20250203-wa0150-150x68.jpg 150w, https:\/\/ledenonciateur224.com\/wp-content\/uploads\/2025\/02\/img-20250203-wa0150-696x313.jpg 696w, https:\/\/ledenonciateur224.com\/wp-content\/uploads\/2025\/02\/img-20250203-wa0150-1068x481.jpg 1068w, https:\/\/ledenonciateur224.com\/wp-content\/uploads\/2025\/02\/img-20250203-wa0150-933x420.jpg 933w\" sizes=\"auto, (max-width: 1280px) 100vw, 1280px\" \/><\/p>\n<p>Les travailleurs, issus de diff\u00e9rentes cat\u00e9gories professionnelles, ont exprim\u00e9 leur col\u00e8re \u00e0 travers des slogans tels que : \u00ab Le travail est trop, le gain est peu \u00bb, et \u00ab A bas la sous-traitance \u00bb. En effet, ces ouvriers affirment que la sous-traitance est la principale cause de leur pr\u00e9carit\u00e9. Ils d\u00e9noncent les entreprises partenaires (ARE, ITRAGEC et GTI) qui g\u00e8rent une grande partie de leurs contrats, avec des salaires variant entre 60 000 et 75 000 GNF par jour, bien en de\u00e7\u00e0 des attentes.<\/p>\n<p><img loading=\"lazy\" decoding=\"async\" class=\"alignnone size-full wp-image-1255\" src=\"https:\/\/ledenonciateur224.com\/wp-content\/uploads\/2025\/02\/img-20250203-wa0177.jpg\" alt=\"\" width=\"1280\" height=\"576\" srcset=\"https:\/\/ledenonciateur224.com\/wp-content\/uploads\/2025\/02\/img-20250203-wa0177.jpg 1280w, https:\/\/ledenonciateur224.com\/wp-content\/uploads\/2025\/02\/img-20250203-wa0177-300x135.jpg 300w, https:\/\/ledenonciateur224.com\/wp-content\/uploads\/2025\/02\/img-20250203-wa0177-1024x461.jpg 1024w, https:\/\/ledenonciateur224.com\/wp-content\/uploads\/2025\/02\/img-20250203-wa0177-768x346.jpg 768w, https:\/\/ledenonciateur224.com\/wp-content\/uploads\/2025\/02\/img-20250203-wa0177-150x68.jpg 150w, https:\/\/ledenonciateur224.com\/wp-content\/uploads\/2025\/02\/img-20250203-wa0177-696x313.jpg 696w, https:\/\/ledenonciateur224.com\/wp-content\/uploads\/2025\/02\/img-20250203-wa0177-1068x481.jpg 1068w, https:\/\/ledenonciateur224.com\/wp-content\/uploads\/2025\/02\/img-20250203-wa0177-933x420.jpg 933w\" sizes=\"auto, (max-width: 1280px) 100vw, 1280px\" \/><\/p>\n<p>Kerfala Bangoura, repr\u00e9sentant syndical des travailleurs, a mis en lumi\u00e8re des promesses non respect\u00e9es, notamment en ce qui concerne les salaires et les conditions de travail. \u00ab Les dirigeants nous ont promis des salaires de 150 000 GNF pour les ouvriers qualifi\u00e9s et 100 000 GNF pour les man\u0153uvres par jour, mais nous n\u2019avons rien re\u00e7u de tout cela. De plus, on nous avait assur\u00e9 une couverture sanitaire et une prise en charge des repas, mais cela ne s\u2019est jamais concr\u00e9tis\u00e9 \u00bb, a-t-il d\u00e9plor\u00e9.<\/p>\n<p>Le syndicaliste a \u00e9galement point\u00e9 du doigt l&rsquo;attitude de la soci\u00e9t\u00e9 ACC, qui, selon lui, a ignor\u00e9 les engagements pris par le pr\u00e9sident Mamadi Doumbouya pour am\u00e9liorer les conditions des travailleurs guin\u00e9ens. Face \u00e0 cette situation, les ouvriers ont d\u00e9cid\u00e9 de suspendre toutes les activit\u00e9s sur le chantier jusqu\u2019\u00e0 ce que leurs droits soient r\u00e9tablis. \u00ab Nous demandons au pr\u00e9sident Doumbouya de ren\u00e9gocier le contrat ou de confier le projet \u00e0 une autre soci\u00e9t\u00e9 qui respectera nos droits \u00bb, a ajout\u00e9 Bangoura.<\/p>\n<p>&nbsp;<\/p>\n<p>Cette gr\u00e8ve, qui pourrait entra\u00eener des retards dans la livraison des logements, met en lumi\u00e8re les tensions croissantes entre les travailleurs, les sous-traitants et les autorit\u00e9s, appel\u00e9es \u00e0 intervenir pour r\u00e9soudre ce conflit.<\/p>\n<p>Aboubacar Moussa Camara<\/p>\n<p>622 42 41 87<\/p>\n","protected":false},"excerpt":{"rendered":"<p>Pr\u00e8s de\u00a0 3000 ouvriers de la soci\u00e9t\u00e9\u00a0Arabian Construction Co\u00a0(ACC), en charge de la construction des logements sociaux \u00e0 Koloma, ont cess\u00e9 leurs activit\u00e9s pour protester contre des conditions de travail jug\u00e9es inacceptables. Cette action, loin d\u2019\u00eatre isol\u00e9e, survient apr\u00e8s plusieurs mois de frustration grandissante face \u00e0 des salaires d\u00e9risoires et des promesses non tenues. Les [&hellip;]<\/p>\n","protected":false},"author":2,"featured_media":1253,"comment_status":"open","ping_status":"open","sticky":false,"template":"","format":"standard","meta":{"_jetpack_memberships_contains_paid_content":false,"footnotes":"","jetpack_publicize_message":"","jetpack_publicize_feature_enabled":true,"jetpack_social_post_already_shared":false,"jetpack_social_options":{"image_generator_settings":{"template":"highway","default_image_id":0,"font":"","enabled":false},"version":2}},"categories":[30,24],"tags":[299,300,298],"class_list":{"0":"post-1252","1":"post","2":"type-post","3":"status-publish","4":"format-standard","5":"has-post-thumbnail","7":"category-faits-divers","8":"category-news","9":"tag-cite-administrative-de-koloma","10":"tag-les-travailleurs-en-greve","11":"tag-sous-traitance"},"jetpack_publicize_connections":[],"jetpack_featured_media_url":"https:\/\/ledenonciateur224.com\/wp-content\/uploads\/2025\/02\/img-20250203-wa0169.jpg","jetpack_sharing_enabled":true,"_links":{"self":[{"href":"https:\/\/ledenonciateur224.com\/index.php\/wp-json\/wp\/v2\/posts\/1252","targetHints":{"allow":["GET"]}}],"collection":[{"href":"https:\/\/ledenonciateur224.com\/index.php\/wp-json\/wp\/v2\/posts"}],"about":[{"href":"https:\/\/ledenonciateur224.com\/index.php\/wp-json\/wp\/v2\/types\/post"}],"author":[{"embeddable":true,"href":"https:\/\/ledenonciateur224.com\/index.php\/wp-json\/wp\/v2\/users\/2"}],"replies":[{"embeddable":true,"href":"https:\/\/ledenonciateur224.com\/index.php\/wp-json\/wp\/v2\/comments?post=1252"}],"version-history":[{"count":0,"href":"https:\/\/ledenonciateur224.com\/index.php\/wp-json\/wp\/v2\/posts\/1252\/revisions"}],"wp:featuredmedia":[{"embeddable":true,"href":"https:\/\/ledenonciateur224.com\/index.php\/wp-json\/wp\/v2\/media\/1253"}],"wp:attachment":[{"href":"https:\/\/ledenonciateur224.com\/index.php\/wp-json\/wp\/v2\/media?parent=1252"}],"wp:term":[{"taxonomy":"category","embeddable":true,"href":"https:\/\/ledenonciateur224.com\/index.php\/wp-json\/wp\/v2\/categories?post=1252"},{"taxonomy":"post_tag","embeddable":true,"href":"https:\/\/ledenonciateur224.com\/index.php\/wp-json\/wp\/v2\/tags?post=1252"}],"curies":[{"name":"wp","href":"https:\/\/api.w.org\/{rel}","templated":true}]}}