{"id":1266,"date":"2025-02-04T09:25:50","date_gmt":"2025-02-04T09:25:50","guid":{"rendered":"https:\/\/ledenonciateur224.com\/?p=1266"},"modified":"2025-02-04T09:25:50","modified_gmt":"2025-02-04T09:25:50","slug":"prolongation-du-delai-de-correction-des-anomalies-sur-les-passeports-biometriques-jusquau-31-mars-2025","status":"publish","type":"post","link":"https:\/\/ledenonciateur224.com\/index.php\/prolongation-du-delai-de-correction-des-anomalies-sur-les-passeports-biometriques-jusquau-31-mars-2025\/","title":{"rendered":"Prolongation du d\u00e9lai de correction des anomalies sur les passeports biom\u00e9triques jusqu\u2019au 31 mars 2025"},"content":{"rendered":"<p>Le Minist\u00e8re de la S\u00e9curit\u00e9 et de la Protection Civile annonce la prolongation du d\u00e9lai pour la correction des anomalies d\u00e9tect\u00e9es sur les passeports biom\u00e9triques, d\u00e9sormais fix\u00e9 au 31 mars 2025. Cette mesure concerne aussi bien les Guin\u00e9ens r\u00e9sidant en Guin\u00e9e qu\u2019\u00e0 l\u2019\u00e9tranger. Elle fait suite au communiqu\u00e9 du 22 novembre 2024 concernant la suspension des passeports biom\u00e9triques pour irr\u00e9gularit\u00e9s.<\/p>\n<p>&nbsp;<\/p>\n<p><img loading=\"lazy\" decoding=\"async\" class=\"alignnone size-full wp-image-1268\" src=\"https:\/\/ledenonciateur224.com\/wp-content\/uploads\/2025\/02\/img-20250204-wa0051-1.jpg\" alt=\"\" width=\"708\" height=\"1080\" srcset=\"https:\/\/ledenonciateur224.com\/wp-content\/uploads\/2025\/02\/img-20250204-wa0051-1.jpg 708w, https:\/\/ledenonciateur224.com\/wp-content\/uploads\/2025\/02\/img-20250204-wa0051-1-197x300.jpg 197w, https:\/\/ledenonciateur224.com\/wp-content\/uploads\/2025\/02\/img-20250204-wa0051-1-671x1024.jpg 671w, https:\/\/ledenonciateur224.com\/wp-content\/uploads\/2025\/02\/img-20250204-wa0051-1-150x229.jpg 150w, https:\/\/ledenonciateur224.com\/wp-content\/uploads\/2025\/02\/img-20250204-wa0051-1-300x458.jpg 300w, https:\/\/ledenonciateur224.com\/wp-content\/uploads\/2025\/02\/img-20250204-wa0051-1-696x1062.jpg 696w, https:\/\/ledenonciateur224.com\/wp-content\/uploads\/2025\/02\/img-20250204-wa0051-1-275x420.jpg 275w\" sizes=\"auto, (max-width: 708px) 100vw, 708px\" \/><\/p>\n","protected":false},"excerpt":{"rendered":"<p>Le Minist\u00e8re de la S\u00e9curit\u00e9 et de la Protection Civile annonce la prolongation du d\u00e9lai pour la correction des anomalies d\u00e9tect\u00e9es sur les passeports biom\u00e9triques, d\u00e9sormais fix\u00e9 au 31 mars 2025. Cette mesure concerne aussi bien les Guin\u00e9ens r\u00e9sidant en Guin\u00e9e qu\u2019\u00e0 l\u2019\u00e9tranger. Elle fait suite au communiqu\u00e9 du 22 novembre 2024 concernant la suspension [&hellip;]<\/p>\n","protected":false},"author":2,"featured_media":1269,"comment_status":"open","ping_status":"open","sticky":false,"template":"","format":"standard","meta":{"_jetpack_memberships_contains_paid_content":false,"footnotes":"","jetpack_publicize_message":"","jetpack_publicize_feature_enabled":true,"jetpack_social_post_already_shared":false,"jetpack_social_options":{"image_generator_settings":{"template":"highway","default_image_id":0,"font":"","enabled":false},"version":2}},"categories":[30,24],"tags":[307],"class_list":{"0":"post-1266","1":"post","2":"type-post","3":"status-publish","4":"format-standard","5":"has-post-thumbnail","7":"category-faits-divers","8":"category-news","9":"tag-passeports-biometriques"},"jetpack_publicize_connections":[],"jetpack_featured_media_url":"https:\/\/ledenonciateur224.com\/wp-content\/uploads\/2025\/02\/img-20250103-wa0147.jpg","jetpack_sharing_enabled":true,"_links":{"self":[{"href":"https:\/\/ledenonciateur224.com\/index.php\/wp-json\/wp\/v2\/posts\/1266","targetHints":{"allow":["GET"]}}],"collection":[{"href":"https:\/\/ledenonciateur224.com\/index.php\/wp-json\/wp\/v2\/posts"}],"about":[{"href":"https:\/\/ledenonciateur224.com\/index.php\/wp-json\/wp\/v2\/types\/post"}],"author":[{"embeddable":true,"href":"https:\/\/ledenonciateur224.com\/index.php\/wp-json\/wp\/v2\/users\/2"}],"replies":[{"embeddable":true,"href":"https:\/\/ledenonciateur224.com\/index.php\/wp-json\/wp\/v2\/comments?post=1266"}],"version-history":[{"count":0,"href":"https:\/\/ledenonciateur224.com\/index.php\/wp-json\/wp\/v2\/posts\/1266\/revisions"}],"wp:featuredmedia":[{"embeddable":true,"href":"https:\/\/ledenonciateur224.com\/index.php\/wp-json\/wp\/v2\/media\/1269"}],"wp:attachment":[{"href":"https:\/\/ledenonciateur224.com\/index.php\/wp-json\/wp\/v2\/media?parent=1266"}],"wp:term":[{"taxonomy":"category","embeddable":true,"href":"https:\/\/ledenonciateur224.com\/index.php\/wp-json\/wp\/v2\/categories?post=1266"},{"taxonomy":"post_tag","embeddable":true,"href":"https:\/\/ledenonciateur224.com\/index.php\/wp-json\/wp\/v2\/tags?post=1266"}],"curies":[{"name":"wp","href":"https:\/\/api.w.org\/{rel}","templated":true}]}}