{"id":1274,"date":"2025-02-04T14:57:55","date_gmt":"2025-02-04T14:57:55","guid":{"rendered":"https:\/\/ledenonciateur224.com\/?p=1274"},"modified":"2025-02-04T14:57:55","modified_gmt":"2025-02-04T14:57:55","slug":"proces-en-appel-damadou-damaro-camara-controverse-sur-limpartialite-du-juge-et-renvoi-au-20-fevrier-2025","status":"publish","type":"post","link":"https:\/\/ledenonciateur224.com\/index.php\/proces-en-appel-damadou-damaro-camara-controverse-sur-limpartialite-du-juge-et-renvoi-au-20-fevrier-2025\/","title":{"rendered":"Proc\u00e8s en appel d&rsquo;Amadou Damaro Camara : Controverse sur l&rsquo;impartialit\u00e9 du juge et renvoi au 20 f\u00e9vrier 2025"},"content":{"rendered":"<p>Le proc\u00e8s en appel de l\u2019ex-pr\u00e9sident de l&rsquo;Assembl\u00e9e nationale, Amadou Damaro Camara, et de ses coaccus\u00e9s a d\u00e9but\u00e9 le 4 f\u00e9vrier 2025 devant la Cour de R\u00e9pression des Infractions \u00c9conomiques et Financi\u00e8res (CRIEF).<\/p>\n<p>Ce proc\u00e8s fait suite \u00e0 la condamnation en d\u00e9cembre 2024 de Camara \u00e0 quatre ans de prison et une amende de 10 millions de francs guin\u00e9ens pour d\u00e9tournement de fonds publics et corruption. Ses copr\u00e9venus, Michel Kamano et l\u2019homme d\u2019affaires chinois Sun Jun Cheng, ont respectivement \u00e9t\u00e9 condamn\u00e9s \u00e0 cinq ans de prison et une amende de 4 milliards de francs guin\u00e9ens, et un an de prison avec sursis avec une amende de 10 millions de francs pour des faits de corruption.<\/p>\n<p>&nbsp;<\/p>\n<p>Lors de l\u2019audience en appel, un d\u00e9bat juridique a \u00e9clat\u00e9 concernant l\u2019impartialit\u00e9 du juge Francis Kova Zoumanigui, qui avait d\u00e9j\u00e0 \u00e9t\u00e9 impliqu\u00e9 dans l\u2019affaire en premi\u00e8re instance. Le procureur sp\u00e9cial Aly Tour\u00e9 a soulev\u00e9 l\u2019objection selon laquelle le juge ne pourrait pas juger en appel apr\u00e8s avoir d\u00e9j\u00e0 trait\u00e9 le dossier en premi\u00e8re instance, m\u00eame s&rsquo;il n\u2019avait pas rendu de d\u00e9cision. Cependant, la d\u00e9fense de Camara a contest\u00e9 cette position, affirmant que le juge n&rsquo;avait pas pris de d\u00e9cision sur le fond.<\/p>\n<p>Apr\u00e8s une suspension de l&rsquo;audience, la Cour a d\u00e9cid\u00e9 de renvoyer le dossier, estimant que le juge Kova Zoumanigui ne pouvait pas examiner l&rsquo;affaire en appel. L&rsquo;affaire a donc \u00e9t\u00e9 renvoy\u00e9e au 20 f\u00e9vrier 2025, pour \u00eatre jug\u00e9e par une nouvelle composition de la Cour, dans le respect des principes d&rsquo;\u00e9quit\u00e9 et d&rsquo;impartialit\u00e9.<\/p>\n<p>\u00c0 noter que l&rsquo;homme d&rsquo;affaires Sun Jun Cheng \u00e9tait absent \u00e0 l\u2019audience, son avocat ayant indiqu\u00e9 qu&rsquo;il n\u2019avait pas re\u00e7u la citation \u00e0 compara\u00eetre. Par ailleurs, la situation de Michel Kamano demeure incertaine, notamment concernant l\u2019\u00e9ventuelle interjection d&rsquo;appel de sa condamnation.<\/p>\n<p>Ce proc\u00e8s, tr\u00e8s suivi en Guin\u00e9e, soul\u00e8ve des enjeux juridiques et politiques majeurs, notamment en mati\u00e8re de lutte contre la corruption au plus haut niveau de l\u2019\u00c9tat. Le renvoi du proc\u00e8s pourrait avoir un impact sur l\u2019\u00e9quit\u00e9 du syst\u00e8me judiciaire dans ce domaine sensible.<\/p>\n<p>&nbsp;<\/p>\n<p>Ledenonciateur224.com<\/p>\n","protected":false},"excerpt":{"rendered":"<p>Le proc\u00e8s en appel de l\u2019ex-pr\u00e9sident de l&rsquo;Assembl\u00e9e nationale, Amadou Damaro Camara, et de ses coaccus\u00e9s a d\u00e9but\u00e9 le 4 f\u00e9vrier 2025 devant la Cour de R\u00e9pression des Infractions \u00c9conomiques et Financi\u00e8res (CRIEF). Ce proc\u00e8s fait suite \u00e0 la condamnation en d\u00e9cembre 2024 de Camara \u00e0 quatre ans de prison et une amende de 10 [&hellip;]<\/p>\n","protected":false},"author":2,"featured_media":781,"comment_status":"open","ping_status":"open","sticky":false,"template":"","format":"standard","meta":{"_jetpack_memberships_contains_paid_content":false,"footnotes":"","jetpack_publicize_message":"","jetpack_publicize_feature_enabled":true,"jetpack_social_post_already_shared":false,"jetpack_social_options":{"image_generator_settings":{"template":"highway","default_image_id":0,"font":"","enabled":false},"version":2}},"categories":[30,24],"tags":[309,37],"class_list":{"0":"post-1274","1":"post","2":"type-post","3":"status-publish","4":"format-standard","5":"has-post-thumbnail","7":"category-faits-divers","8":"category-news","9":"tag-amadou-damaro-camara","10":"tag-crief"},"jetpack_publicize_connections":[],"jetpack_featured_media_url":"https:\/\/ledenonciateur224.com\/wp-content\/uploads\/2025\/01\/img-20240613-171746-700-x-380-pixel.jpg","jetpack_sharing_enabled":true,"_links":{"self":[{"href":"https:\/\/ledenonciateur224.com\/index.php\/wp-json\/wp\/v2\/posts\/1274","targetHints":{"allow":["GET"]}}],"collection":[{"href":"https:\/\/ledenonciateur224.com\/index.php\/wp-json\/wp\/v2\/posts"}],"about":[{"href":"https:\/\/ledenonciateur224.com\/index.php\/wp-json\/wp\/v2\/types\/post"}],"author":[{"embeddable":true,"href":"https:\/\/ledenonciateur224.com\/index.php\/wp-json\/wp\/v2\/users\/2"}],"replies":[{"embeddable":true,"href":"https:\/\/ledenonciateur224.com\/index.php\/wp-json\/wp\/v2\/comments?post=1274"}],"version-history":[{"count":0,"href":"https:\/\/ledenonciateur224.com\/index.php\/wp-json\/wp\/v2\/posts\/1274\/revisions"}],"wp:featuredmedia":[{"embeddable":true,"href":"https:\/\/ledenonciateur224.com\/index.php\/wp-json\/wp\/v2\/media\/781"}],"wp:attachment":[{"href":"https:\/\/ledenonciateur224.com\/index.php\/wp-json\/wp\/v2\/media?parent=1274"}],"wp:term":[{"taxonomy":"category","embeddable":true,"href":"https:\/\/ledenonciateur224.com\/index.php\/wp-json\/wp\/v2\/categories?post=1274"},{"taxonomy":"post_tag","embeddable":true,"href":"https:\/\/ledenonciateur224.com\/index.php\/wp-json\/wp\/v2\/tags?post=1274"}],"curies":[{"name":"wp","href":"https:\/\/api.w.org\/{rel}","templated":true}]}}