{"id":1279,"date":"2025-02-04T18:25:59","date_gmt":"2025-02-04T18:25:59","guid":{"rendered":"https:\/\/ledenonciateur224.com\/?p=1279"},"modified":"2025-02-04T18:25:59","modified_gmt":"2025-02-04T18:25:59","slug":"greve-a-la-cite-administrative-gaz-lacrymogenes-et-fermete-des-ouvriers-pour-la-fin-de-la-sous-traitance","status":"publish","type":"post","link":"https:\/\/ledenonciateur224.com\/index.php\/greve-a-la-cite-administrative-gaz-lacrymogenes-et-fermete-des-ouvriers-pour-la-fin-de-la-sous-traitance\/","title":{"rendered":"Gr\u00e8ve \u00e0 la Cit\u00e9 administrative : Gaz lacrymog\u00e8nes et fermet\u00e9 des ouvriers pour la fin de la sous-traitance"},"content":{"rendered":"<p>Le mardi 4 f\u00e9vrier 2025, les ouvriers de la Cit\u00e9 administrative de Guin\u00e9e ont poursuivi leur gr\u00e8ve \u00e0 Koloma, dans la commune de Ratoma, pour la deuxi\u00e8me journ\u00e9e cons\u00e9cutive, r\u00e9clamant une am\u00e9lioration significative de leurs conditions de travail et une augmentation de leurs salaires. Leur principale revendication demeure la fin de la sous-traitance, qu&rsquo;ils consid\u00e8rent comme un frein \u00e0 de meilleures conditions de travail et \u00e0 une r\u00e9mun\u00e9ration \u00e9quitable.<\/p>\n<p>Cette journ\u00e9e de mobilisation a pris une tournure plus tendue lorsqu&rsquo;ils ont \u00e9t\u00e9 emp\u00each\u00e9s d&rsquo;acc\u00e9der \u00e0 leur lieu de travail par les forces de l&rsquo;ordre. Ces derni\u00e8res ont tent\u00e9 de disperser les manifestants par intimidation, en utilisant des gaz lacrymog\u00e8nes. Cependant, malgr\u00e9 cette r\u00e9pression, les ouvriers sont rest\u00e9s calmes et d\u00e9termin\u00e9s, refusant de c\u00e9der \u00e0 la pression.<\/p>\n<p>Face \u00e0 la persistance des travailleurs, les responsables de l&rsquo;Administration Centrale de la Cit\u00e9 (ACC) et de la SONAPI ont accept\u00e9 d&rsquo;engager un dialogue avec le syndicat des travailleurs. L&rsquo;objectif de cette rencontre est de discuter des questions relatives \u00e0 la fin de la sous-traitance et des autres revendications l\u00e9gitimes des ouvriers.<\/p>\n<p>&nbsp;<\/p>\n<p>Bien que frustr\u00e9s par l&rsquo;usage de la force, les travailleurs ont quitt\u00e9 le site dans l&rsquo;espoir que cette discussion aboutisse \u00e0 des d\u00e9cisions concr\u00e8tes pour am\u00e9liorer leurs conditions de travail et garantir des salaires plus justes. Cette gr\u00e8ve met en lumi\u00e8re les tensions croissantes li\u00e9es aux conditions de travail dans les administrations publiques et la volont\u00e9 des travailleurs de ne pas se laisser intimider.<\/p>\n<p>&nbsp;<\/p>\n<p>Aboubacar Moussa Camara<\/p>\n<p>622 42 41 87<\/p>\n","protected":false},"excerpt":{"rendered":"<p>Le mardi 4 f\u00e9vrier 2025, les ouvriers de la Cit\u00e9 administrative de Guin\u00e9e ont poursuivi leur gr\u00e8ve \u00e0 Koloma, dans la commune de Ratoma, pour la deuxi\u00e8me journ\u00e9e cons\u00e9cutive, r\u00e9clamant une am\u00e9lioration significative de leurs conditions de travail et une augmentation de leurs salaires. Leur principale revendication demeure la fin de la sous-traitance, qu&rsquo;ils consid\u00e8rent [&hellip;]<\/p>\n","protected":false},"author":2,"featured_media":1253,"comment_status":"open","ping_status":"open","sticky":false,"template":"","format":"standard","meta":{"_jetpack_memberships_contains_paid_content":false,"footnotes":"","jetpack_publicize_message":"","jetpack_publicize_feature_enabled":true,"jetpack_social_post_already_shared":false,"jetpack_social_options":{"image_generator_settings":{"template":"highway","default_image_id":0,"font":"","enabled":false},"version":2}},"categories":[30,24],"tags":[185,35,313],"class_list":{"0":"post-1279","1":"post","2":"type-post","3":"status-publish","4":"format-standard","5":"has-post-thumbnail","7":"category-faits-divers","8":"category-news","9":"tag-greve-des-travailleurs","10":"tag-guinee","11":"tag-ouvriers"},"jetpack_publicize_connections":[],"jetpack_featured_media_url":"https:\/\/ledenonciateur224.com\/wp-content\/uploads\/2025\/02\/img-20250203-wa0169.jpg","jetpack_sharing_enabled":true,"_links":{"self":[{"href":"https:\/\/ledenonciateur224.com\/index.php\/wp-json\/wp\/v2\/posts\/1279","targetHints":{"allow":["GET"]}}],"collection":[{"href":"https:\/\/ledenonciateur224.com\/index.php\/wp-json\/wp\/v2\/posts"}],"about":[{"href":"https:\/\/ledenonciateur224.com\/index.php\/wp-json\/wp\/v2\/types\/post"}],"author":[{"embeddable":true,"href":"https:\/\/ledenonciateur224.com\/index.php\/wp-json\/wp\/v2\/users\/2"}],"replies":[{"embeddable":true,"href":"https:\/\/ledenonciateur224.com\/index.php\/wp-json\/wp\/v2\/comments?post=1279"}],"version-history":[{"count":0,"href":"https:\/\/ledenonciateur224.com\/index.php\/wp-json\/wp\/v2\/posts\/1279\/revisions"}],"wp:featuredmedia":[{"embeddable":true,"href":"https:\/\/ledenonciateur224.com\/index.php\/wp-json\/wp\/v2\/media\/1253"}],"wp:attachment":[{"href":"https:\/\/ledenonciateur224.com\/index.php\/wp-json\/wp\/v2\/media?parent=1279"}],"wp:term":[{"taxonomy":"category","embeddable":true,"href":"https:\/\/ledenonciateur224.com\/index.php\/wp-json\/wp\/v2\/categories?post=1279"},{"taxonomy":"post_tag","embeddable":true,"href":"https:\/\/ledenonciateur224.com\/index.php\/wp-json\/wp\/v2\/tags?post=1279"}],"curies":[{"name":"wp","href":"https:\/\/api.w.org\/{rel}","templated":true}]}}