{"id":1292,"date":"2025-02-05T21:10:36","date_gmt":"2025-02-05T21:10:36","guid":{"rendered":"https:\/\/ledenonciateur224.com\/?p=1292"},"modified":"2025-02-05T21:10:36","modified_gmt":"2025-02-05T21:10:36","slug":"le-general-mamadi-doumbouya-prendra-la-parole-sur-la-tragedie-de-nzerekore-des-precisions-attendues-sur-le-drame-du-1er-decembre-2024","status":"publish","type":"post","link":"https:\/\/ledenonciateur224.com\/index.php\/le-general-mamadi-doumbouya-prendra-la-parole-sur-la-tragedie-de-nzerekore-des-precisions-attendues-sur-le-drame-du-1er-decembre-2024\/","title":{"rendered":"Le G\u00e9n\u00e9ral Mamadi Doumbouya prendra la parole sur la trag\u00e9die de N\u2019Z\u00e9r\u00e9kor\u00e9 : des pr\u00e9cisions attendues sur le drame du 1er d\u00e9cembre 2024"},"content":{"rendered":"<p>Une prise de parole tant attendue du G\u00e9n\u00e9ral Mamadi Doumbouya se profile dans les prochains jours. Le Chef de l\u2019\u00c9tat s\u2019exprimera sur la trag\u00e9die survenue le 1er d\u00e9cembre 2024 \u00e0 N\u2019Z\u00e9r\u00e9kor\u00e9, lors de la finale d\u2019un tournoi de football, qui a fait 56 victimes. L\u2019annonce a \u00e9t\u00e9 faite ce mercredi 5 f\u00e9vrier 2025 par le Premier ministre, Amadou Oury Bah, en pr\u00e9sence de notables de la ville. Bien que la date exacte de l\u2019allocution n&rsquo;ait pas encore \u00e9t\u00e9 pr\u00e9cis\u00e9e, le chef du Gouvernement a indiqu\u00e9 que le pr\u00e9sident dispose d\u00e9sormais de tous les \u00e9l\u00e9ments n\u00e9cessaires pour apporter des \u00e9claircissements sur cette catastrophe qui a boulevers\u00e9 le pays. Depuis le drame, le G\u00e9n\u00e9ral Doumbouya n\u2019avait pas encore adress\u00e9 de d\u00e9claration officielle sur les circonstances de l&rsquo;incident, bien qu&rsquo;il ait \u00e9voqu\u00e9 bri\u00e8vement cet \u00e9v\u00e9nement lors de son discours de Nouvel An.<\/p>\n<div dir=\"auto\"><ins><\/p>\n<div><\/div>\n<p><\/ins><\/div>\n<p>\u00ab\u00a0<strong><em>Il y aura dans les prochains jours, un message particulier qu\u2019il (le G\u00e9n\u00e9ral Mamadi Doumouya) adressera \u00e0 la population de Nz\u00e9r\u00e9kor\u00e9. Parce que tous les \u00e9l\u00e9ments susceptibles de conforter son message sont r\u00e9unis et lui ont \u00e9t\u00e9 remis. Pour ne pas devancer la parole pr\u00e9sidentielle, je pr\u00e9f\u00e8re que de vive voix qu\u2019il le fasse<\/em><\/strong>\u00a0\u00bb, a d\u00e9clar\u00e9 le Premier ministre.<\/p>\n<p><img loading=\"lazy\" decoding=\"async\" class=\"alignnone size-full wp-image-1294\" src=\"https:\/\/ledenonciateur224.com\/wp-content\/uploads\/2025\/02\/img-20250205-wa0142.jpg\" alt=\"\" width=\"1080\" height=\"720\" srcset=\"https:\/\/ledenonciateur224.com\/wp-content\/uploads\/2025\/02\/img-20250205-wa0142.jpg 1080w, https:\/\/ledenonciateur224.com\/wp-content\/uploads\/2025\/02\/img-20250205-wa0142-300x200.jpg 300w, https:\/\/ledenonciateur224.com\/wp-content\/uploads\/2025\/02\/img-20250205-wa0142-1024x683.jpg 1024w, https:\/\/ledenonciateur224.com\/wp-content\/uploads\/2025\/02\/img-20250205-wa0142-768x512.jpg 768w, https:\/\/ledenonciateur224.com\/wp-content\/uploads\/2025\/02\/img-20250205-wa0142-150x100.jpg 150w, https:\/\/ledenonciateur224.com\/wp-content\/uploads\/2025\/02\/img-20250205-wa0142-696x464.jpg 696w, https:\/\/ledenonciateur224.com\/wp-content\/uploads\/2025\/02\/img-20250205-wa0142-1068x712.jpg 1068w, https:\/\/ledenonciateur224.com\/wp-content\/uploads\/2025\/02\/img-20250205-wa0142-630x420.jpg 630w\" sizes=\"auto, (max-width: 1080px) 100vw, 1080px\" \/><\/p>\n<p>\u00ab\u00a0<strong><em>Je tenais \u00e0 le souligner pour indiquer que depuis lors, cette trag\u00e9die n\u2019a laiss\u00e9 aucune personnalit\u00e9 de la r\u00e9publique de Guin\u00e9e indiff\u00e9rente. Tout au contraire, \u00e7a \u00e9t\u00e9 un moment de r\u00e9flexion pour voir d\u00e9sormais, comment dans ces genres de situation, avant, pendant et apr\u00e8s, l\u2019ensemble des autorit\u00e9s du pays doivent g\u00e9rer cela, pour \u00e9viter des r\u00e9p\u00e9titions<\/em><\/strong>\u00a0\u00bb,a indiqu\u00e9 Amadou Oury Bah.<\/p>\n<p>&nbsp;<\/p>\n<p>Ledenonciateur224.com<\/p>\n","protected":false},"excerpt":{"rendered":"<p>Une prise de parole tant attendue du G\u00e9n\u00e9ral Mamadi Doumbouya se profile dans les prochains jours. Le Chef de l\u2019\u00c9tat s\u2019exprimera sur la trag\u00e9die survenue le 1er d\u00e9cembre 2024 \u00e0 N\u2019Z\u00e9r\u00e9kor\u00e9, lors de la finale d\u2019un tournoi de football, qui a fait 56 victimes. L\u2019annonce a \u00e9t\u00e9 faite ce mercredi 5 f\u00e9vrier 2025 par le [&hellip;]<\/p>\n","protected":false},"author":2,"featured_media":1293,"comment_status":"open","ping_status":"open","sticky":false,"template":"","format":"standard","meta":{"_jetpack_memberships_contains_paid_content":false,"footnotes":"","jetpack_publicize_message":"","jetpack_publicize_feature_enabled":true,"jetpack_social_post_already_shared":false,"jetpack_social_options":{"image_generator_settings":{"template":"highway","default_image_id":0,"font":"","enabled":false},"version":2}},"categories":[30,24],"tags":[267,235],"class_list":{"0":"post-1292","1":"post","2":"type-post","3":"status-publish","4":"format-standard","5":"has-post-thumbnail","7":"category-faits-divers","8":"category-news","9":"tag-amadou-oury-bah","10":"tag-le-premier-ministre-guineen"},"jetpack_publicize_connections":[],"jetpack_featured_media_url":"https:\/\/ledenonciateur224.com\/wp-content\/uploads\/2025\/02\/img-20250205-wa0141.jpg","jetpack_sharing_enabled":true,"_links":{"self":[{"href":"https:\/\/ledenonciateur224.com\/index.php\/wp-json\/wp\/v2\/posts\/1292","targetHints":{"allow":["GET"]}}],"collection":[{"href":"https:\/\/ledenonciateur224.com\/index.php\/wp-json\/wp\/v2\/posts"}],"about":[{"href":"https:\/\/ledenonciateur224.com\/index.php\/wp-json\/wp\/v2\/types\/post"}],"author":[{"embeddable":true,"href":"https:\/\/ledenonciateur224.com\/index.php\/wp-json\/wp\/v2\/users\/2"}],"replies":[{"embeddable":true,"href":"https:\/\/ledenonciateur224.com\/index.php\/wp-json\/wp\/v2\/comments?post=1292"}],"version-history":[{"count":0,"href":"https:\/\/ledenonciateur224.com\/index.php\/wp-json\/wp\/v2\/posts\/1292\/revisions"}],"wp:featuredmedia":[{"embeddable":true,"href":"https:\/\/ledenonciateur224.com\/index.php\/wp-json\/wp\/v2\/media\/1293"}],"wp:attachment":[{"href":"https:\/\/ledenonciateur224.com\/index.php\/wp-json\/wp\/v2\/media?parent=1292"}],"wp:term":[{"taxonomy":"category","embeddable":true,"href":"https:\/\/ledenonciateur224.com\/index.php\/wp-json\/wp\/v2\/categories?post=1292"},{"taxonomy":"post_tag","embeddable":true,"href":"https:\/\/ledenonciateur224.com\/index.php\/wp-json\/wp\/v2\/tags?post=1292"}],"curies":[{"name":"wp","href":"https:\/\/api.w.org\/{rel}","templated":true}]}}