{"id":1323,"date":"2025-02-07T19:34:54","date_gmt":"2025-02-07T19:34:54","guid":{"rendered":"https:\/\/ledenonciateur224.com\/?p=1323"},"modified":"2025-02-07T19:34:54","modified_gmt":"2025-02-07T19:34:54","slug":"reaction-de-la-cour-penale-internationale-apres-la-decision-de-donald-trump","status":"publish","type":"post","link":"https:\/\/ledenonciateur224.com\/index.php\/reaction-de-la-cour-penale-internationale-apres-la-decision-de-donald-trump\/","title":{"rendered":"R\u00e9action de la Cour P\u00e9nale Internationale apr\u00e8s la d\u00e9cision de Donald Trump"},"content":{"rendered":"<p>La Cour P\u00e9nale Internationale (CPI) a r\u00e9agi ce vendredi 7 f\u00e9vrier 2025 apr\u00e8s la publication par la Maison Blanche d\u2019un d\u00e9cret sign\u00e9 par Donald Trump, imposant une s\u00e9rie de sanctions contre son personnel.<\/p>\n<p>Dans un communiqu\u00e9 officiel, la Cour a exprim\u00e9 sa fermet\u00e9 face \u00e0 cette d\u00e9cision, affirmant : \u00ab La Cour p\u00e9nale internationale condamne fermement la publication par les \u00c9tats-Unis d\u2019un d\u00e9cret ex\u00e9cutif visant \u00e0 imposer des sanctions \u00e0 ses fonctionnaires, visant \u00e0 nuire \u00e0 son travail judiciaire ind\u00e9pendant et impartial \u00bb.<\/p>\n<p>Le d\u00e9cret, rendu public dans la soir\u00e9e du jeudi 6 f\u00e9vrier 2025, interdit l\u2019entr\u00e9e aux \u00c9tats-Unis aux dirigeants, employ\u00e9s et agents de la CPI ainsi qu\u2019\u00e0 leurs familles proches. En outre, ceux ayant soutenu les enqu\u00eates de la Cour sont \u00e9galement vis\u00e9s par ces sanctions.<\/p>\n<p>La Cour, dans son communiqu\u00e9, a r\u00e9affirm\u00e9 son engagement envers son personnel et la justice. Elle a soulign\u00e9 sa d\u00e9termination \u00e0 continuer de rendre justice et \u00e0 offrir de l\u2019espoir \u00e0 des \u00ab millions de victimes innocentes d\u2019atrocit\u00e9s \u00bb \u00e0 travers le monde, dans toutes les situations qu&rsquo;elle examine.<\/p>\n<p>\u00ab Nous appelons nos 125 \u00c9tats parties, la soci\u00e9t\u00e9 civile et toutes les nations du monde \u00e0 s\u2019unir pour la justice et les droits humains fondamentaux \u00bb, a ajout\u00e9 l&rsquo;institution bas\u00e9e \u00e0 La Haye, aux Pays-Bas.<\/p>\n<p>&nbsp;<\/p>\n<p>Cette r\u00e9action marque un nouveau chapitre dans les tensions entre la CPI et les \u00c9tats-Unis, qui s\u2019opposent r\u00e9guli\u00e8rement aux activit\u00e9s de la Cour, notamment dans les enqu\u00eates concernant des citoyens am\u00e9ricains.<\/p>\n<p>&nbsp;<\/p>\n<p>Ledenonciateur224.com<\/p>\n","protected":false},"excerpt":{"rendered":"<p>La Cour P\u00e9nale Internationale (CPI) a r\u00e9agi ce vendredi 7 f\u00e9vrier 2025 apr\u00e8s la publication par la Maison Blanche d\u2019un d\u00e9cret sign\u00e9 par Donald Trump, imposant une s\u00e9rie de sanctions contre son personnel. Dans un communiqu\u00e9 officiel, la Cour a exprim\u00e9 sa fermet\u00e9 face \u00e0 cette d\u00e9cision, affirmant : \u00ab La Cour p\u00e9nale internationale condamne [&hellip;]<\/p>\n","protected":false},"author":2,"featured_media":1324,"comment_status":"open","ping_status":"open","sticky":false,"template":"","format":"standard","meta":{"_jetpack_memberships_contains_paid_content":false,"footnotes":"","jetpack_publicize_message":"","jetpack_publicize_feature_enabled":true,"jetpack_social_post_already_shared":false,"jetpack_social_options":{"image_generator_settings":{"template":"highway","default_image_id":0,"font":"","enabled":false},"version":2}},"categories":[38,24],"tags":[321,222],"class_list":{"0":"post-1323","1":"post","2":"type-post","3":"status-publish","4":"format-standard","5":"has-post-thumbnail","7":"category-international","8":"category-news","9":"tag-cour-penale-internationale","10":"tag-donald-trump"},"jetpack_publicize_connections":[],"jetpack_featured_media_url":"https:\/\/ledenonciateur224.com\/wp-content\/uploads\/2025\/02\/cpi.jpg","jetpack_sharing_enabled":true,"_links":{"self":[{"href":"https:\/\/ledenonciateur224.com\/index.php\/wp-json\/wp\/v2\/posts\/1323","targetHints":{"allow":["GET"]}}],"collection":[{"href":"https:\/\/ledenonciateur224.com\/index.php\/wp-json\/wp\/v2\/posts"}],"about":[{"href":"https:\/\/ledenonciateur224.com\/index.php\/wp-json\/wp\/v2\/types\/post"}],"author":[{"embeddable":true,"href":"https:\/\/ledenonciateur224.com\/index.php\/wp-json\/wp\/v2\/users\/2"}],"replies":[{"embeddable":true,"href":"https:\/\/ledenonciateur224.com\/index.php\/wp-json\/wp\/v2\/comments?post=1323"}],"version-history":[{"count":0,"href":"https:\/\/ledenonciateur224.com\/index.php\/wp-json\/wp\/v2\/posts\/1323\/revisions"}],"wp:featuredmedia":[{"embeddable":true,"href":"https:\/\/ledenonciateur224.com\/index.php\/wp-json\/wp\/v2\/media\/1324"}],"wp:attachment":[{"href":"https:\/\/ledenonciateur224.com\/index.php\/wp-json\/wp\/v2\/media?parent=1323"}],"wp:term":[{"taxonomy":"category","embeddable":true,"href":"https:\/\/ledenonciateur224.com\/index.php\/wp-json\/wp\/v2\/categories?post=1323"},{"taxonomy":"post_tag","embeddable":true,"href":"https:\/\/ledenonciateur224.com\/index.php\/wp-json\/wp\/v2\/tags?post=1323"}],"curies":[{"name":"wp","href":"https:\/\/api.w.org\/{rel}","templated":true}]}}