{"id":1329,"date":"2025-02-08T08:11:41","date_gmt":"2025-02-08T08:11:41","guid":{"rendered":"https:\/\/ledenonciateur224.com\/?p=1329"},"modified":"2025-02-08T08:11:41","modified_gmt":"2025-02-08T08:11:41","slug":"le-general-amara-camara-devoile-des-details-sur-le-budget-et-leffectif-de-la-presidence-de-la-republique","status":"publish","type":"post","link":"https:\/\/ledenonciateur224.com\/index.php\/le-general-amara-camara-devoile-des-details-sur-le-budget-et-leffectif-de-la-presidence-de-la-republique\/","title":{"rendered":"Le G\u00e9n\u00e9ral Amara Camara d\u00e9voile des d\u00e9tails sur le budget et l\u2019effectif de la Pr\u00e9sidence de la R\u00e9publique"},"content":{"rendered":"<p>Lors de sa participation \u00e0 l\u2019\u00e9mission \u00ab\u00a0<em>On fait le point\u00a0\u00bb<\/em>\u00a0diffus\u00e9e sur la RTG ce vendredi, le ministre secr\u00e9taire g\u00e9n\u00e9ral \u00e0 la pr\u00e9sidence, le G\u00e9n\u00e9ral Amara Camara, a partag\u00e9 des informations in\u00e9dites concernant la gestion des finances et des ressources humaines de la Pr\u00e9sidence de la R\u00e9publique.<\/p>\n<p>Le ministre a r\u00e9v\u00e9l\u00e9 que l\u2019effectif actuel au sein de la pr\u00e9sidence s\u2019\u00e9l\u00e8ve \u00e0 environ 1078 cadres, soulignant ainsi l\u2019importance de cette \u00e9quipe dans le fonctionnement des institutions du pays. Il a pr\u00e9cis\u00e9 que ce nombre refl\u00e8te la diversit\u00e9 des comp\u00e9tences mobilis\u00e9es pour soutenir les diverses activit\u00e9s de l\u2019\u00c9tat et garantir le bon d\u00e9roulement des affaires publiques.<\/p>\n<p>En outre, le G\u00e9n\u00e9ral Camara a d\u00e9voil\u00e9 les chiffres relatifs au budget de la Pr\u00e9sidence pour l\u2019ann\u00e9e 2024, estim\u00e9 \u00e0 plus de 649 milliards de francs guin\u00e9ens (GNF). Ce montant, d\u2019une ampleur significative, sert \u00e0 financer les projets institutionnels et les op\u00e9rations li\u00e9es \u00e0 la gouvernance, et t\u00e9moigne de l\u2019ampleur des responsabilit\u00e9s et des investissements n\u00e9cessaires pour assurer le bon fonctionnement de l&rsquo;ex\u00e9cutif.<\/p>\n<p>Cette annonce intervient dans un contexte o\u00f9 la transparence et l\u2019efficacit\u00e9 des finances publiques sont devenues des pr\u00e9occupations majeures pour la population et les institutions internationales. Le ministre porte-parole de la pr\u00e9sidence a aussi soulign\u00e9 l&rsquo;engagement du gouvernement \u00e0 g\u00e9rer ces fonds de mani\u00e8re responsable et \u00e0 r\u00e9pondre aux attentes du peuple guin\u00e9en en mati\u00e8re de d\u00e9veloppement et de gestion publique.<\/p>\n<p>&nbsp;<\/p>\n<p>Ledenonciateur224.com<\/p>\n","protected":false},"excerpt":{"rendered":"<p>Lors de sa participation \u00e0 l\u2019\u00e9mission \u00ab\u00a0On fait le point\u00a0\u00bb\u00a0diffus\u00e9e sur la RTG ce vendredi, le ministre secr\u00e9taire g\u00e9n\u00e9ral \u00e0 la pr\u00e9sidence, le G\u00e9n\u00e9ral Amara Camara, a partag\u00e9 des informations in\u00e9dites concernant la gestion des finances et des ressources humaines de la Pr\u00e9sidence de la R\u00e9publique. Le ministre a r\u00e9v\u00e9l\u00e9 que l\u2019effectif actuel au sein [&hellip;]<\/p>\n","protected":false},"author":2,"featured_media":1194,"comment_status":"open","ping_status":"open","sticky":false,"template":"","format":"standard","meta":{"_jetpack_memberships_contains_paid_content":false,"footnotes":"","jetpack_publicize_message":"","jetpack_publicize_feature_enabled":true,"jetpack_social_post_already_shared":false,"jetpack_social_options":{"image_generator_settings":{"template":"highway","default_image_id":0,"font":"","enabled":false},"version":2}},"categories":[29,24],"tags":[323,35],"class_list":{"0":"post-1329","1":"post","2":"type-post","3":"status-publish","4":"format-standard","5":"has-post-thumbnail","7":"category-economie","8":"category-news","9":"tag-budget-de-la-presidence","10":"tag-guinee"},"jetpack_publicize_connections":[],"jetpack_featured_media_url":"https:\/\/ledenonciateur224.com\/wp-content\/uploads\/2025\/01\/img-20250119-wa0081.jpg","jetpack_sharing_enabled":true,"_links":{"self":[{"href":"https:\/\/ledenonciateur224.com\/index.php\/wp-json\/wp\/v2\/posts\/1329","targetHints":{"allow":["GET"]}}],"collection":[{"href":"https:\/\/ledenonciateur224.com\/index.php\/wp-json\/wp\/v2\/posts"}],"about":[{"href":"https:\/\/ledenonciateur224.com\/index.php\/wp-json\/wp\/v2\/types\/post"}],"author":[{"embeddable":true,"href":"https:\/\/ledenonciateur224.com\/index.php\/wp-json\/wp\/v2\/users\/2"}],"replies":[{"embeddable":true,"href":"https:\/\/ledenonciateur224.com\/index.php\/wp-json\/wp\/v2\/comments?post=1329"}],"version-history":[{"count":0,"href":"https:\/\/ledenonciateur224.com\/index.php\/wp-json\/wp\/v2\/posts\/1329\/revisions"}],"wp:featuredmedia":[{"embeddable":true,"href":"https:\/\/ledenonciateur224.com\/index.php\/wp-json\/wp\/v2\/media\/1194"}],"wp:attachment":[{"href":"https:\/\/ledenonciateur224.com\/index.php\/wp-json\/wp\/v2\/media?parent=1329"}],"wp:term":[{"taxonomy":"category","embeddable":true,"href":"https:\/\/ledenonciateur224.com\/index.php\/wp-json\/wp\/v2\/categories?post=1329"},{"taxonomy":"post_tag","embeddable":true,"href":"https:\/\/ledenonciateur224.com\/index.php\/wp-json\/wp\/v2\/tags?post=1329"}],"curies":[{"name":"wp","href":"https:\/\/api.w.org\/{rel}","templated":true}]}}