{"id":1335,"date":"2025-02-08T10:44:17","date_gmt":"2025-02-08T10:44:17","guid":{"rendered":"https:\/\/ledenonciateur224.com\/?p=1335"},"modified":"2025-02-08T10:44:17","modified_gmt":"2025-02-08T10:44:17","slug":"liberation-de-mohamed-toure-aux-etats-unis-annonce-du-pdg-rda-et-retour-imminent-en-guinee","status":"publish","type":"post","link":"https:\/\/ledenonciateur224.com\/index.php\/liberation-de-mohamed-toure-aux-etats-unis-annonce-du-pdg-rda-et-retour-imminent-en-guinee\/","title":{"rendered":"Lib\u00e9ration de Mohamed Tour\u00e9 aux \u00c9tats-Unis : Annonce du PDG-RDA et retour imminent en Guin\u00e9e"},"content":{"rendered":"<p>&nbsp;<\/p>\n<p>C&rsquo;est une nouvelle qui marque un tournant : Mohamed Tour\u00e9, fils de l&rsquo;ex-pr\u00e9sident guin\u00e9en Ahmed S\u00e9kou Tour\u00e9, a \u00e9t\u00e9 lib\u00e9r\u00e9 des prisons am\u00e9ricaines apr\u00e8s plusieurs ann\u00e9es de d\u00e9tention. Le Parti D\u00e9mocratique de Guin\u00e9e (PDG-RDA) a annonc\u00e9 cette lib\u00e9ration ce samedi 8 f\u00e9vrier 2025, dans une d\u00e9claration officielle, soulignant avec fiert\u00e9 la d\u00e9cision des juridictions am\u00e9ricaines intervenue le 7 f\u00e9vrier.<\/p>\n<p>Le parti pr\u00e9cise \u00e9galement la lib\u00e9ration de l&rsquo;\u00e9pouse de Mohamed Tour\u00e9, Denis Cross Tour\u00e9, le 21 d\u00e9cembre 2024, apr\u00e8s leur condamnation en 2019. Le couple \u00e9tait retenu aux \u00c9tats-Unis depuis avril 2018, purgeant une peine de sept ans pour \u00ab\u00a0travail forc\u00e9\u00a0\u00bb inflig\u00e9 \u00e0 leur domestique.<\/p>\n<p>&nbsp;<\/p>\n<p>Dans son communiqu\u00e9, le PDG-RDA exprime un sentiment de soulagement et de r\u00e9confort moral, qualifiant la lib\u00e9ration de Mohamed Tour\u00e9 comme un moment symbolique de la fin des \u00ab\u00a0cha\u00eenes des prisons am\u00e9ricaines et du n\u00e9ocolonialisme international\u00a0\u00bb. Le parti annonce \u00e9galement que le retour du couple en Guin\u00e9e est imminent, avec un retour pr\u00e9vu dans les heures ou jours \u00e0 venir.<\/p>\n<p>Cette lib\u00e9ration intervient apr\u00e8s une longue p\u00e9riode de tensions et de contestations autour de leur emprisonnement, et marque un nouveau chapitre pour la famille Tour\u00e9 et pour le PDG-RDA, qui voit en cet \u00e9v\u00e9nement un signe fort de justice et de victoire.<\/p>\n<p>&nbsp;<\/p>\n<p>Aboubacar Moussa Camara<\/p>\n<p>622 42 41 87<\/p>\n","protected":false},"excerpt":{"rendered":"<p>&nbsp; C&rsquo;est une nouvelle qui marque un tournant : Mohamed Tour\u00e9, fils de l&rsquo;ex-pr\u00e9sident guin\u00e9en Ahmed S\u00e9kou Tour\u00e9, a \u00e9t\u00e9 lib\u00e9r\u00e9 des prisons am\u00e9ricaines apr\u00e8s plusieurs ann\u00e9es de d\u00e9tention. Le Parti D\u00e9mocratique de Guin\u00e9e (PDG-RDA) a annonc\u00e9 cette lib\u00e9ration ce samedi 8 f\u00e9vrier 2025, dans une d\u00e9claration officielle, soulignant avec fiert\u00e9 la d\u00e9cision des juridictions [&hellip;]<\/p>\n","protected":false},"author":2,"featured_media":1336,"comment_status":"open","ping_status":"open","sticky":false,"template":"","format":"standard","meta":{"_jetpack_memberships_contains_paid_content":false,"footnotes":"","jetpack_publicize_message":"","jetpack_publicize_feature_enabled":true,"jetpack_social_post_already_shared":false,"jetpack_social_options":{"image_generator_settings":{"template":"highway","default_image_id":0,"font":"","enabled":false},"version":2}},"categories":[30,24,27],"tags":[207,327,326],"class_list":{"0":"post-1335","1":"post","2":"type-post","3":"status-publish","4":"format-standard","5":"has-post-thumbnail","7":"category-faits-divers","8":"category-news","9":"category-politique","10":"tag-etats-unis","11":"tag-mohamed-toure","12":"tag-pdg-rda"},"jetpack_publicize_connections":[],"jetpack_featured_media_url":"https:\/\/ledenonciateur224.com\/wp-content\/uploads\/2025\/02\/img-20250208-wa0109.jpg","jetpack_sharing_enabled":true,"_links":{"self":[{"href":"https:\/\/ledenonciateur224.com\/index.php\/wp-json\/wp\/v2\/posts\/1335","targetHints":{"allow":["GET"]}}],"collection":[{"href":"https:\/\/ledenonciateur224.com\/index.php\/wp-json\/wp\/v2\/posts"}],"about":[{"href":"https:\/\/ledenonciateur224.com\/index.php\/wp-json\/wp\/v2\/types\/post"}],"author":[{"embeddable":true,"href":"https:\/\/ledenonciateur224.com\/index.php\/wp-json\/wp\/v2\/users\/2"}],"replies":[{"embeddable":true,"href":"https:\/\/ledenonciateur224.com\/index.php\/wp-json\/wp\/v2\/comments?post=1335"}],"version-history":[{"count":0,"href":"https:\/\/ledenonciateur224.com\/index.php\/wp-json\/wp\/v2\/posts\/1335\/revisions"}],"wp:featuredmedia":[{"embeddable":true,"href":"https:\/\/ledenonciateur224.com\/index.php\/wp-json\/wp\/v2\/media\/1336"}],"wp:attachment":[{"href":"https:\/\/ledenonciateur224.com\/index.php\/wp-json\/wp\/v2\/media?parent=1335"}],"wp:term":[{"taxonomy":"category","embeddable":true,"href":"https:\/\/ledenonciateur224.com\/index.php\/wp-json\/wp\/v2\/categories?post=1335"},{"taxonomy":"post_tag","embeddable":true,"href":"https:\/\/ledenonciateur224.com\/index.php\/wp-json\/wp\/v2\/tags?post=1335"}],"curies":[{"name":"wp","href":"https:\/\/api.w.org\/{rel}","templated":true}]}}