{"id":1338,"date":"2025-02-08T11:04:27","date_gmt":"2025-02-08T11:04:27","guid":{"rendered":"https:\/\/ledenonciateur224.com\/?p=1338"},"modified":"2025-02-08T11:04:27","modified_gmt":"2025-02-08T11:04:27","slug":"rationalisation-des-etablissements-publics-le-general-amara-camara-annonce-des-arbitrages-imminents","status":"publish","type":"post","link":"https:\/\/ledenonciateur224.com\/index.php\/rationalisation-des-etablissements-publics-le-general-amara-camara-annonce-des-arbitrages-imminents\/","title":{"rendered":"Rationalisation des \u00c9tablissements Publics : Le G\u00e9n\u00e9ral Amara Camara annonce des arbitrages imminents"},"content":{"rendered":"<p>Lors de l\u2019\u00e9mission <em>On fait le point<\/em>\u00a0sur la t\u00e9l\u00e9vision nationale, le G\u00e9n\u00e9ral Amara Camara, Ministre Secr\u00e9taire G\u00e9n\u00e9ral de la Pr\u00e9sidence, a d\u00e9voil\u00e9 des informations cruciales concernant la rationalisation des \u00e9tablissements publics \u00e0 caract\u00e8re administratif (EPA). Il a pr\u00e9cis\u00e9 que des arbitrages importants seront pris dans les prochains jours pour r\u00e9duire le nombre d&rsquo;EPA et optimiser les ressources de l&rsquo;\u00c9tat. Ce projet fait suite \u00e0 une \u00e9tude dirig\u00e9e par le Premier ministre, sur instruction du pr\u00e9sident de la transition, ayant permis de retenir 86 des 177 EPA existants.<\/p>\n<p>Le G\u00e9n\u00e9ral Amara Camara, Ministre Secr\u00e9taire G\u00e9n\u00e9ral de la Pr\u00e9sidence, a d\u00e9taill\u00e9 le processus de rationalisation des \u00e9tablissements publics \u00e0 caract\u00e8re administratif (EPA) lors de l\u2019\u00e9mission\u00a0<em>On fait le point<\/em>. Cette initiative vise \u00e0 simplifier l\u2019administration publique en regroupant les entit\u00e9s aux missions similaires, afin de r\u00e9duire les co\u00fbts des subventions de l\u2019\u00c9tat. Il a pr\u00e9cis\u00e9 que des arbitrages d\u00e9cisifs seront pris dans les jours \u00e0 venir pour finaliser ce processus.<\/p>\n<p>\u00ab\u00a0Le nombre d\u2019EPA dans l\u2019administration publique est excessif. Conform\u00e9ment \u00e0 la vision du chef de l\u2019\u00c9tat, l\u2019objectif est de rationaliser les ressources de l\u2019\u00c9tat, en fusionnant les EPA ayant des attributions et fonctionnements similaires, ce qui permettra de r\u00e9duire les co\u00fbts de fonctionnement\u00a0\u00bb, a expliqu\u00e9 le G\u00e9n\u00e9ral Amara Camara.<\/p>\n<p>Il a \u00e9galement soulign\u00e9 que ce travail de rationalisation vise \u00e0 maximiser l\u2019efficacit\u00e9 des entit\u00e9s publiques. Par exemple, si une fusion entre l&rsquo;ANIES et une autre entit\u00e9 s\u2019av\u00e8re n\u00e9cessaire, elle sera mise en \u0153uvre, et les d\u00e9cisions concernant l&rsquo;ancrage des nouvelles entit\u00e9s (pr\u00e9sidence ou autre structure) seront prises en cons\u00e9quence.<\/p>\n<p>Le Ministre a ajout\u00e9 que le but de cette d\u00e9marche est de s&rsquo;assurer que chaque entit\u00e9 publique puisse mener \u00e0 bien ses missions, tout en veillant \u00e0 ce que celles relevant de la pr\u00e9sidence aient un impact direct sur la population. Si les r\u00e9sultats de cette rationalisation d\u00e9montrent qu\u2019une entit\u00e9 transf\u00e9r\u00e9e \u00e0 un autre d\u00e9partement minist\u00e9riel pourrait mieux servir les int\u00e9r\u00eats nationaux, cette d\u00e9cision sera \u00e9galement prise.<\/p>\n<p>En conclusion, le G\u00e9n\u00e9ral Amara Camara a assur\u00e9 que toute l&rsquo;\u00e9nergie serait mise en \u0153uvre pour garantir que ces d\u00e9cisions soient concr\u00e9tis\u00e9es dans les meilleurs d\u00e9lais, dans le respect de l\u2019int\u00e9r\u00eat g\u00e9n\u00e9ral.<\/p>\n<p>&nbsp;<\/p>\n<p>N&rsquo;sira\u00a0 Sylla<\/p>\n","protected":false},"excerpt":{"rendered":"<p>Lors de l\u2019\u00e9mission On fait le point\u00a0sur la t\u00e9l\u00e9vision nationale, le G\u00e9n\u00e9ral Amara Camara, Ministre Secr\u00e9taire G\u00e9n\u00e9ral de la Pr\u00e9sidence, a d\u00e9voil\u00e9 des informations cruciales concernant la rationalisation des \u00e9tablissements publics \u00e0 caract\u00e8re administratif (EPA). Il a pr\u00e9cis\u00e9 que des arbitrages importants seront pris dans les prochains jours pour r\u00e9duire le nombre d&rsquo;EPA et optimiser [&hellip;]<\/p>\n","protected":false},"author":2,"featured_media":1339,"comment_status":"open","ping_status":"open","sticky":false,"template":"","format":"standard","meta":{"_jetpack_memberships_contains_paid_content":false,"footnotes":"","jetpack_publicize_message":"","jetpack_publicize_feature_enabled":true,"jetpack_social_post_already_shared":false,"jetpack_social_options":{"image_generator_settings":{"template":"highway","default_image_id":0,"font":"","enabled":false},"version":2}},"categories":[25,24,27],"tags":[328,35],"class_list":{"0":"post-1338","1":"post","2":"type-post","3":"status-publish","4":"format-standard","5":"has-post-thumbnail","7":"category-annonce","8":"category-news","9":"category-politique","10":"tag-etablissements-publics","11":"tag-guinee"},"jetpack_publicize_connections":[],"jetpack_featured_media_url":"https:\/\/ledenonciateur224.com\/wp-content\/uploads\/2025\/02\/general-amara.jpg","jetpack_sharing_enabled":true,"_links":{"self":[{"href":"https:\/\/ledenonciateur224.com\/index.php\/wp-json\/wp\/v2\/posts\/1338","targetHints":{"allow":["GET"]}}],"collection":[{"href":"https:\/\/ledenonciateur224.com\/index.php\/wp-json\/wp\/v2\/posts"}],"about":[{"href":"https:\/\/ledenonciateur224.com\/index.php\/wp-json\/wp\/v2\/types\/post"}],"author":[{"embeddable":true,"href":"https:\/\/ledenonciateur224.com\/index.php\/wp-json\/wp\/v2\/users\/2"}],"replies":[{"embeddable":true,"href":"https:\/\/ledenonciateur224.com\/index.php\/wp-json\/wp\/v2\/comments?post=1338"}],"version-history":[{"count":0,"href":"https:\/\/ledenonciateur224.com\/index.php\/wp-json\/wp\/v2\/posts\/1338\/revisions"}],"wp:featuredmedia":[{"embeddable":true,"href":"https:\/\/ledenonciateur224.com\/index.php\/wp-json\/wp\/v2\/media\/1339"}],"wp:attachment":[{"href":"https:\/\/ledenonciateur224.com\/index.php\/wp-json\/wp\/v2\/media?parent=1338"}],"wp:term":[{"taxonomy":"category","embeddable":true,"href":"https:\/\/ledenonciateur224.com\/index.php\/wp-json\/wp\/v2\/categories?post=1338"},{"taxonomy":"post_tag","embeddable":true,"href":"https:\/\/ledenonciateur224.com\/index.php\/wp-json\/wp\/v2\/tags?post=1338"}],"curies":[{"name":"wp","href":"https:\/\/api.w.org\/{rel}","templated":true}]}}