{"id":1345,"date":"2025-02-08T16:26:32","date_gmt":"2025-02-08T16:26:32","guid":{"rendered":"https:\/\/ledenonciateur224.com\/?p=1345"},"modified":"2025-02-08T16:26:32","modified_gmt":"2025-02-08T16:26:32","slug":"clarification-sur-le-projet-simandou-et-le-programme-simandou-2040-precisions-du-dg-des-projets-miniers","status":"publish","type":"post","link":"https:\/\/ledenonciateur224.com\/index.php\/clarification-sur-le-projet-simandou-et-le-programme-simandou-2040-precisions-du-dg-des-projets-miniers\/","title":{"rendered":"Clarification sur le Projet Simandou et le Programme Simandou 2040 : Pr\u00e9cisions du DG des Projets Miniers"},"content":{"rendered":"<p>Face \u00e0 l&rsquo;interrogation d&rsquo;un internaute sur la distinction entre le Projet Simandou et le Programme Simandou 2040, le directeur g\u00e9n\u00e9ral du Service National de Coordination des Projets Miniers (SNCPM) a apport\u00e9 des \u00e9claircissements. Alors que nous sommes en 2025, des pr\u00e9cisions ont \u00e9t\u00e9 donn\u00e9es sur la vision \u00e0 long terme du programme, expliquant pourquoi le terme \u00ab Simandou 2040 \u00bb est utilis\u00e9 malgr\u00e9 le d\u00e9marrage r\u00e9cent des projets.<\/p>\n<p>Ci-dessous la r\u00e9ponse du DG des Projets Miniers M. Ibrahima Kalil Keita :<\/p>\n<p>Le Programme\u00a0 \ud835\udc12\ud835\udc08\ud835\udc0c\ud835\udc00\ud835\udc0d\ud835\udc03\ud835\udc0e\ud835\udc14 \ud835\udfd0\ud835\udfce\ud835\udfd2\ud835\udfce :\u00a0est une vision de d\u00e9veloppement de notre pays \u00e0 l\u2019horizon 2040. c\u2019est un Programme de D\u00e9veloppement Socio-\u00c9conomique Durable et Responsable de tout le pays pour les 15 prochaines ann\u00e9es. Il prend en compte toutes les aspirations du peuple en termes de d\u00e9veloppement durable et responsable. C\u2019est un programme solide ! Un pont vers la prosp\u00e9rit\u00e9 !<\/p>\n<div dir=\"auto\">\n<div>\n<div><ins><\/p>\n<div><img loading=\"lazy\" decoding=\"async\" class=\"alignnone size-full wp-image-794\" src=\"https:\/\/ledenonciateur224.com\/wp-content\/uploads\/2025\/01\/inshot-20241030-212828861-750x430-1.jpg\" alt=\"\" width=\"750\" height=\"430\" srcset=\"https:\/\/ledenonciateur224.com\/wp-content\/uploads\/2025\/01\/inshot-20241030-212828861-750x430-1.jpg 750w, https:\/\/ledenonciateur224.com\/wp-content\/uploads\/2025\/01\/inshot-20241030-212828861-750x430-1-300x172.jpg 300w, https:\/\/ledenonciateur224.com\/wp-content\/uploads\/2025\/01\/inshot-20241030-212828861-750x430-1-150x86.jpg 150w, https:\/\/ledenonciateur224.com\/wp-content\/uploads\/2025\/01\/inshot-20241030-212828861-750x430-1-696x399.jpg 696w, https:\/\/ledenonciateur224.com\/wp-content\/uploads\/2025\/01\/inshot-20241030-212828861-750x430-1-733x420.jpg 733w\" sizes=\"auto, (max-width: 750px) 100vw, 750px\" \/><\/div>\n<p><\/ins><\/div>\n<\/div>\n<\/div>\n<p>Le Programme Simandou 2040 \u00e0 cinq (5) axes prioritaires qui sont :<\/p>\n<p>(1)- Agriculture, industrie alimentaire et le commerce ;<\/p>\n<p>(2)- \u00c9ducation et la culture ;<\/p>\n<p>(3)- Infrastructures, transports et les technologies ;<\/p>\n<p>(4)- \u00c9conomie, Finance et Assurance ; et<\/p>\n<p>(5)- Sant\u00e9 et bien \u00eatre.<\/p>\n<p>\u00c0 ne pas confondre avec\u00a0le Projet Minier\u00a0 \ud835\udc12\ud835\udc08\ud835\udc0c\ud835\udc00\ud835\udc0d\ud835\udc03\ud835\udc0e\ud835\udc14,\u00a0qui est un projet d\u2019exploitation d\u2019un gisement fer compos\u00e9 de 4 blocs qui est cheval entre Kerouane et Beyla. Il a quatre composantes qui sont :<\/p>\n<p>(1)-Une Mine de 4 blocs d\u00e9tenus par Rio Tinto (Bloc 3 et 4) et WCS (bloc 1 et 2) ;<\/p>\n<div dir=\"auto\"><ins><\/p>\n<div><\/div>\n<p><\/ins><\/div>\n<p>(2)-du chemin de fer (TransGuin\u00e9en qui est multi utilisateur. Le train transportera les minerais de fer, la population, les marchandises et les produits agricoles) ;<\/p>\n<p>(3)-d\u2019un port en eau profonde (Pour l\u2019exportation du minerai de fer et, dans le futur l\u2019importation et l\u2019exportation des marchandises) ; et<\/p>\n<p>(4) un projet de transformation du minerai de fer en acier.<\/p>\n<p>Le projet minier Simandou rentrera en production \u00e0 la fin de cette ann\u00e9e 2025 ou en d\u00e9but d\u2019ann\u00e9e 2026. La production annuelle par compagnie (Rio Tinto et WCS) en plein r\u00e9gime est de 60 millions de tonnes de fer par an.<\/p>\n<p>&nbsp;<\/p>\n<p><strong>Source mosa\u00efqueguinee<\/strong><\/p>\n","protected":false},"excerpt":{"rendered":"<p>Face \u00e0 l&rsquo;interrogation d&rsquo;un internaute sur la distinction entre le Projet Simandou et le Programme Simandou 2040, le directeur g\u00e9n\u00e9ral du Service National de Coordination des Projets Miniers (SNCPM) a apport\u00e9 des \u00e9claircissements. Alors que nous sommes en 2025, des pr\u00e9cisions ont \u00e9t\u00e9 donn\u00e9es sur la vision \u00e0 long terme du programme, expliquant pourquoi le [&hellip;]<\/p>\n","protected":false},"author":2,"featured_media":1346,"comment_status":"open","ping_status":"open","sticky":false,"template":"","format":"standard","meta":{"_jetpack_memberships_contains_paid_content":false,"footnotes":"","jetpack_publicize_message":"","jetpack_publicize_feature_enabled":true,"jetpack_social_post_already_shared":false,"jetpack_social_options":{"image_generator_settings":{"template":"highway","default_image_id":0,"font":"","enabled":false},"version":2}},"categories":[29,24],"tags":[89,330],"class_list":{"0":"post-1345","1":"post","2":"type-post","3":"status-publish","4":"format-standard","5":"has-post-thumbnail","7":"category-economie","8":"category-news","9":"tag-projet-simandou","10":"tag-simandou-2040"},"jetpack_publicize_connections":[],"jetpack_featured_media_url":"https:\/\/ledenonciateur224.com\/wp-content\/uploads\/2025\/02\/ibrahima-khalil-keita.jpg","jetpack_sharing_enabled":true,"_links":{"self":[{"href":"https:\/\/ledenonciateur224.com\/index.php\/wp-json\/wp\/v2\/posts\/1345","targetHints":{"allow":["GET"]}}],"collection":[{"href":"https:\/\/ledenonciateur224.com\/index.php\/wp-json\/wp\/v2\/posts"}],"about":[{"href":"https:\/\/ledenonciateur224.com\/index.php\/wp-json\/wp\/v2\/types\/post"}],"author":[{"embeddable":true,"href":"https:\/\/ledenonciateur224.com\/index.php\/wp-json\/wp\/v2\/users\/2"}],"replies":[{"embeddable":true,"href":"https:\/\/ledenonciateur224.com\/index.php\/wp-json\/wp\/v2\/comments?post=1345"}],"version-history":[{"count":0,"href":"https:\/\/ledenonciateur224.com\/index.php\/wp-json\/wp\/v2\/posts\/1345\/revisions"}],"wp:featuredmedia":[{"embeddable":true,"href":"https:\/\/ledenonciateur224.com\/index.php\/wp-json\/wp\/v2\/media\/1346"}],"wp:attachment":[{"href":"https:\/\/ledenonciateur224.com\/index.php\/wp-json\/wp\/v2\/media?parent=1345"}],"wp:term":[{"taxonomy":"category","embeddable":true,"href":"https:\/\/ledenonciateur224.com\/index.php\/wp-json\/wp\/v2\/categories?post=1345"},{"taxonomy":"post_tag","embeddable":true,"href":"https:\/\/ledenonciateur224.com\/index.php\/wp-json\/wp\/v2\/tags?post=1345"}],"curies":[{"name":"wp","href":"https:\/\/api.w.org\/{rel}","templated":true}]}}