{"id":1352,"date":"2025-02-09T08:48:01","date_gmt":"2025-02-09T08:48:01","guid":{"rendered":"https:\/\/ledenonciateur224.com\/?p=1352"},"modified":"2025-02-09T08:48:01","modified_gmt":"2025-02-09T08:48:01","slug":"lufdg-lance-un-appel-urgent-a-la-mobilisation-pour-le-recensement-des-militants-et-la-preparation-de-son-congres","status":"publish","type":"post","link":"https:\/\/ledenonciateur224.com\/index.php\/lufdg-lance-un-appel-urgent-a-la-mobilisation-pour-le-recensement-des-militants-et-la-preparation-de-son-congres\/","title":{"rendered":"L\u2019UFDG lance un appel urgent \u00e0 la mobilisation pour le recensement des militants et la pr\u00e9paration de son congr\u00e8s"},"content":{"rendered":"<p>Lors de son assembl\u00e9e g\u00e9n\u00e9rale hebdomadaire du 8 f\u00e9vrier 2025, l&rsquo;Union des Forces D\u00e9mocratiques de Guin\u00e9e (UFDG) a intensifi\u00e9 ses efforts pour pr\u00e9parer son congr\u00e8s extraordinaire pr\u00e9vu pour avril prochain, en lan\u00e7ant un appel pressant \u00e0 la mobilisation de ses militants. Le vice-pr\u00e9sident du parti, Fod\u00e9 Oussou Fofana, a soulign\u00e9 que cette \u00e9tape cruciale n\u00e9cessite l\u2019engagement total des cadres et des sympathisants afin de garantir le succ\u00e8s de l&rsquo;\u00e9v\u00e9nement qui marquera un tournant dans la vie du parti.<\/p>\n<p>Fod\u00e9 Oussou Fofana a insist\u00e9 sur le fait que l\u2019UFDG, en tant que grande formation politique, doit se pr\u00e9parer s\u00e9rieusement pour ce congr\u00e8s. Il a rappel\u00e9 que l\u2019histoire du parti et ses premiers responsables doivent \u00eatre mis en avant pour renforcer la coh\u00e9sion et la direction future. \u00ab\u00a0<em>Aujourd\u2019hui, il n\u2019y a pas de place pour les d\u00e9bats inutiles. Nous devons nous concentrer sur la pr\u00e9paration de notre congr\u00e8s. Tous les responsables doivent \u00eatre pr\u00eats, car ce congr\u00e8s est d&rsquo;une importance capitale pour l\u2019avenir de notre mouvement,<\/em>\u00a0\u00bb a-t-il affirm\u00e9.<\/p>\n<p>En parall\u00e8le, le parti a lanc\u00e9 un appel \u00e0 ses militants et sympathisants pour qu\u2019ils se fassent recenser en vue des prochaines \u00e9lections en Guin\u00e9e, pr\u00e9vues pour cette ann\u00e9e. Selon Fod\u00e9 Oussou Fofana, le processus \u00e9lectoral ne pourra avoir lieu sans que chaque citoyen ne poss\u00e8de ses cartes d\u2019identit\u00e9 et d\u2019\u00e9lecteur. Il a incit\u00e9 les partisans de l\u2019UFDG \u00e0 s\u2019assurer qu\u2019ils soient en r\u00e8gle pour participer pleinement aux \u00e9lections \u00e0 venir. \u00ab\u00a0<em>Cette ann\u00e9e, l\u2019\u00e9lection se tiendra, mais elle ne sera possible que si vous avez vos pi\u00e8ces d\u2019identit\u00e9 et votre carte d\u2019\u00e9lecteur. Si vous soutenez le pr\u00e9sident Cellou, il est imp\u00e9ratif que vous alliez chercher vos documents,<\/em>\u00a0\u00bb a-t-il ajout\u00e9.<\/p>\n<p>En r\u00e9sum\u00e9, l\u2019UFDG met l&rsquo;accent sur la pr\u00e9paration interne et externe, visant \u00e0 renforcer l\u2019organisation du parti et \u00e0 garantir une large participation \u00e0 la vie politique du pays. L\u2019objectif est clair : \u00eatre pr\u00eat pour les grands enjeux \u00e9lectoraux de 2025.<\/p>\n<p>&nbsp;<\/p>\n<p>Aboubacar Moussa Camara<\/p>\n<p>622 42 41 87<\/p>\n","protected":false},"excerpt":{"rendered":"<p>Lors de son assembl\u00e9e g\u00e9n\u00e9rale hebdomadaire du 8 f\u00e9vrier 2025, l&rsquo;Union des Forces D\u00e9mocratiques de Guin\u00e9e (UFDG) a intensifi\u00e9 ses efforts pour pr\u00e9parer son congr\u00e8s extraordinaire pr\u00e9vu pour avril prochain, en lan\u00e7ant un appel pressant \u00e0 la mobilisation de ses militants. Le vice-pr\u00e9sident du parti, Fod\u00e9 Oussou Fofana, a soulign\u00e9 que cette \u00e9tape cruciale n\u00e9cessite [&hellip;]<\/p>\n","protected":false},"author":2,"featured_media":1353,"comment_status":"open","ping_status":"open","sticky":false,"template":"","format":"standard","meta":{"_jetpack_memberships_contains_paid_content":false,"footnotes":"","jetpack_publicize_message":"","jetpack_publicize_feature_enabled":true,"jetpack_social_post_already_shared":false,"jetpack_social_options":{"image_generator_settings":{"template":"highway","default_image_id":0,"font":"","enabled":false},"version":2}},"categories":[24,27],"tags":[99,291],"class_list":{"0":"post-1352","1":"post","2":"type-post","3":"status-publish","4":"format-standard","5":"has-post-thumbnail","7":"category-news","8":"category-politique","9":"tag-assemblee-generale-des-partis-politiques","10":"tag-congres-de-lufdg"},"jetpack_publicize_connections":[],"jetpack_featured_media_url":"https:\/\/ledenonciateur224.com\/wp-content\/uploads\/2025\/02\/77f7e6c0-d2b3-44bc-922d-778bfab26c49-750x375-1.jpeg","jetpack_sharing_enabled":true,"_links":{"self":[{"href":"https:\/\/ledenonciateur224.com\/index.php\/wp-json\/wp\/v2\/posts\/1352","targetHints":{"allow":["GET"]}}],"collection":[{"href":"https:\/\/ledenonciateur224.com\/index.php\/wp-json\/wp\/v2\/posts"}],"about":[{"href":"https:\/\/ledenonciateur224.com\/index.php\/wp-json\/wp\/v2\/types\/post"}],"author":[{"embeddable":true,"href":"https:\/\/ledenonciateur224.com\/index.php\/wp-json\/wp\/v2\/users\/2"}],"replies":[{"embeddable":true,"href":"https:\/\/ledenonciateur224.com\/index.php\/wp-json\/wp\/v2\/comments?post=1352"}],"version-history":[{"count":0,"href":"https:\/\/ledenonciateur224.com\/index.php\/wp-json\/wp\/v2\/posts\/1352\/revisions"}],"wp:featuredmedia":[{"embeddable":true,"href":"https:\/\/ledenonciateur224.com\/index.php\/wp-json\/wp\/v2\/media\/1353"}],"wp:attachment":[{"href":"https:\/\/ledenonciateur224.com\/index.php\/wp-json\/wp\/v2\/media?parent=1352"}],"wp:term":[{"taxonomy":"category","embeddable":true,"href":"https:\/\/ledenonciateur224.com\/index.php\/wp-json\/wp\/v2\/categories?post=1352"},{"taxonomy":"post_tag","embeddable":true,"href":"https:\/\/ledenonciateur224.com\/index.php\/wp-json\/wp\/v2\/tags?post=1352"}],"curies":[{"name":"wp","href":"https:\/\/api.w.org\/{rel}","templated":true}]}}