{"id":1359,"date":"2025-02-09T15:38:59","date_gmt":"2025-02-09T15:38:59","guid":{"rendered":"https:\/\/ledenonciateur224.com\/?p=1359"},"modified":"2025-02-09T15:38:59","modified_gmt":"2025-02-09T15:38:59","slug":"lola-inaugure-sa-premiere-radio-rurale-un-pas-decisif-vers-lacces-a-linformation-et-la-promotion-de-la-paix","status":"publish","type":"post","link":"https:\/\/ledenonciateur224.com\/index.php\/lola-inaugure-sa-premiere-radio-rurale-un-pas-decisif-vers-lacces-a-linformation-et-la-promotion-de-la-paix\/","title":{"rendered":"Lola inaugure sa premi\u00e8re radio rurale : un pas d\u00e9cisif vers l&rsquo;acc\u00e8s \u00e0 l&rsquo;information et la promotion de la paix"},"content":{"rendered":"<p>Lola marque une \u00e9tape historique dans son d\u00e9veloppement en devenant la premi\u00e8re localit\u00e9 \u00e0 disposer d&rsquo;une radio rurale, un projet ambitieux inaugur\u00e9 le 7 f\u00e9vrier 2025 en pr\u00e9sence du Premier ministre, accompagn\u00e9 de plusieurs membres du gouvernement, dont le ministre de l\u2019Information et de la Communication.<\/p>\n<p>Cette nouvelle radio de proximit\u00e9, accessible sur la fr\u00e9quence 93.1, occupe d\u00e9sormais l&rsquo;ancienne antenne de la station Nz\u00e9r\u00e9kor\u00e9 de Radio Djoma, r\u00e9cemment ferm\u00e9e par les autorit\u00e9s de la transition. Elle couvrira un large territoire, englobant Lola Centre, Tounkarata, Gamakonikoni, Foumbadou, ainsi que d&rsquo;autres localit\u00e9s de la pr\u00e9fecture, et offrira ainsi aux habitants un acc\u00e8s direct \u00e0 l&rsquo;information.<\/p>\n<p>Le ministre de l\u2019Information et de la Communication, Fana Soumah, a soulign\u00e9 que le lancement de cette radio est une \u00ab manifestation claire de la volont\u00e9 du chef de l\u2019\u00c9tat, le G\u00e9n\u00e9ral Mamadi Doumbouya, et de son gouvernement de garantir \u00e0 chaque citoyen son droit \u00e0 l\u2019information \u00bb. Selon lui, cette radio jouera un r\u00f4le essentiel dans le renforcement de la coh\u00e9sion sociale et la diffusion des valeurs de paix et de vivre-ensemble au sein de la population guin\u00e9enne.<\/p>\n<p>En outre, Fana Soumah a annonc\u00e9 qu\u2019un r\u00e9seau d\u2019\u00e9metteurs relais serait progressivement d\u00e9ploy\u00e9 dans les jours \u00e0 venir \u00e0 travers diff\u00e9rentes localit\u00e9s du pays. L&rsquo;objectif est d&rsquo;\u00e9largir la couverture de la radio, afin de garantir que l\u2019information puisse atteindre toutes les r\u00e9gions, m\u00eame les plus recul\u00e9es, renfor\u00e7ant ainsi l\u2019int\u00e9gration du territoire national.<\/p>\n<p>Cette initiative s\u2019inscrit dans une dynamique de modernisation des infrastructures m\u00e9diatiques, un vecteur essentiel pour l\u2019\u00e9panouissement des communaut\u00e9s rurales, souvent isol\u00e9es des sources d\u2019information traditionnelles. En plus de remplir une fonction informative, la radio vise \u00e9galement \u00e0 stimuler la participation citoyenne, l&rsquo;engagement social et \u00e0 offrir une tribune pour la promotion des valeurs culturelles et locales.<\/p>\n<p>&nbsp;<\/p>\n<p>L&rsquo;inauguration de cette radio \u00e0 Lola est un signal fort des autorit\u00e9s guin\u00e9ennes concernant l\u2019importance de l\u2019acc\u00e8s \u00e0 l\u2019information pour le d\u00e9veloppement des territoires ruraux et la consolidation de la paix \u00e0 l\u2019\u00e9chelle nationale.<\/p>\n<p>&nbsp;<\/p>\n<p>Ledenonciateur224.com<\/p>\n","protected":false},"excerpt":{"rendered":"<p>Lola marque une \u00e9tape historique dans son d\u00e9veloppement en devenant la premi\u00e8re localit\u00e9 \u00e0 disposer d&rsquo;une radio rurale, un projet ambitieux inaugur\u00e9 le 7 f\u00e9vrier 2025 en pr\u00e9sence du Premier ministre, accompagn\u00e9 de plusieurs membres du gouvernement, dont le ministre de l\u2019Information et de la Communication. Cette nouvelle radio de proximit\u00e9, accessible sur la fr\u00e9quence [&hellip;]<\/p>\n","protected":false},"author":2,"featured_media":1360,"comment_status":"open","ping_status":"open","sticky":false,"template":"","format":"standard","meta":{"_jetpack_memberships_contains_paid_content":false,"footnotes":"","jetpack_publicize_message":"","jetpack_publicize_feature_enabled":true,"jetpack_social_post_already_shared":false,"jetpack_social_options":{"image_generator_settings":{"template":"highway","default_image_id":0,"font":"","enabled":false},"version":2}},"categories":[30,24,33],"tags":[334],"class_list":{"0":"post-1359","1":"post","2":"type-post","3":"status-publish","4":"format-standard","5":"has-post-thumbnail","7":"category-faits-divers","8":"category-news","9":"category-region","10":"tag-medias-locaux"},"jetpack_publicize_connections":[],"jetpack_featured_media_url":"https:\/\/ledenonciateur224.com\/wp-content\/uploads\/2025\/02\/img-20250208-wa0013-768x337-1.jpg","jetpack_sharing_enabled":true,"_links":{"self":[{"href":"https:\/\/ledenonciateur224.com\/index.php\/wp-json\/wp\/v2\/posts\/1359","targetHints":{"allow":["GET"]}}],"collection":[{"href":"https:\/\/ledenonciateur224.com\/index.php\/wp-json\/wp\/v2\/posts"}],"about":[{"href":"https:\/\/ledenonciateur224.com\/index.php\/wp-json\/wp\/v2\/types\/post"}],"author":[{"embeddable":true,"href":"https:\/\/ledenonciateur224.com\/index.php\/wp-json\/wp\/v2\/users\/2"}],"replies":[{"embeddable":true,"href":"https:\/\/ledenonciateur224.com\/index.php\/wp-json\/wp\/v2\/comments?post=1359"}],"version-history":[{"count":0,"href":"https:\/\/ledenonciateur224.com\/index.php\/wp-json\/wp\/v2\/posts\/1359\/revisions"}],"wp:featuredmedia":[{"embeddable":true,"href":"https:\/\/ledenonciateur224.com\/index.php\/wp-json\/wp\/v2\/media\/1360"}],"wp:attachment":[{"href":"https:\/\/ledenonciateur224.com\/index.php\/wp-json\/wp\/v2\/media?parent=1359"}],"wp:term":[{"taxonomy":"category","embeddable":true,"href":"https:\/\/ledenonciateur224.com\/index.php\/wp-json\/wp\/v2\/categories?post=1359"},{"taxonomy":"post_tag","embeddable":true,"href":"https:\/\/ledenonciateur224.com\/index.php\/wp-json\/wp\/v2\/tags?post=1359"}],"curies":[{"name":"wp","href":"https:\/\/api.w.org\/{rel}","templated":true}]}}