{"id":1384,"date":"2025-02-11T21:19:10","date_gmt":"2025-02-11T21:19:10","guid":{"rendered":"https:\/\/ledenonciateur224.com\/?p=1384"},"modified":"2025-02-11T21:19:10","modified_gmt":"2025-02-11T21:19:10","slug":"arrestation-dun-imposteur-en-tenue-militaire-a-madina-boussoura","status":"publish","type":"post","link":"https:\/\/ledenonciateur224.com\/index.php\/arrestation-dun-imposteur-en-tenue-militaire-a-madina-boussoura\/","title":{"rendered":"Arrestation d&rsquo;un imposteur en tenue militaire \u00e0 Madina Boussoura"},"content":{"rendered":"<p>Le mardi 11 f\u00e9vrier 2025, lors de la pr\u00e9sentation du pr\u00e9venu, le commissaire principal de police de la direction centrale de la lutte contre le crime organis\u00e9, Foromo Soropogui, a r\u00e9v\u00e9l\u00e9 que l&rsquo;individu avait \u00e9t\u00e9 appr\u00e9hend\u00e9 le lundi 10 f\u00e9vrier aux environs de 4 heures du matin \u00e0 Madina Boussoura, alors qu&rsquo;il se trouvait en position isol\u00e9e.<\/p>\n<p>Cet individu, se faisant passer pour un militaire, a \u00e9t\u00e9 r\u00e9cemment interpell\u00e9 par les services sp\u00e9ciaux de lutte contre la drogue et le crime organis\u00e9. Lors de son arrestation, il \u00e9tait en possession de plusieurs objets, notamment des insignes de l\u2019arm\u00e9e, un pistolet de marque tch\u00e8que portant l&rsquo;inscription \u00ab\u00a016k\u00a0\u00bb (le reste des inscriptions \u00e9tant illisible, y compris le num\u00e9ro), une paire de ciseaux et des instruments de consommation de drogue.<\/p>\n<p>\u00c0 l\u2019issue de l\u2019enqu\u00eate, l\u2019individu devrait \u00eatre automatiquement pr\u00e9sent\u00e9 au parquet d\u2019instance de Mafanco pour r\u00e9pondre des faits de d\u00e9tention d\u2019armes et de port ill\u00e9gal d\u2019uniforme militaire.<\/p>\n<p><img loading=\"lazy\" decoding=\"async\" class=\"alignnone size-full wp-image-1386\" src=\"https:\/\/ledenonciateur224.com\/wp-content\/uploads\/2025\/02\/20250211-130855-scaled.jpg\" alt=\"\" width=\"2560\" height=\"1440\" srcset=\"https:\/\/ledenonciateur224.com\/wp-content\/uploads\/2025\/02\/20250211-130855-scaled.jpg 2560w, https:\/\/ledenonciateur224.com\/wp-content\/uploads\/2025\/02\/20250211-130855-300x169.jpg 300w, https:\/\/ledenonciateur224.com\/wp-content\/uploads\/2025\/02\/20250211-130855-1024x576.jpg 1024w, https:\/\/ledenonciateur224.com\/wp-content\/uploads\/2025\/02\/20250211-130855-768x432.jpg 768w, https:\/\/ledenonciateur224.com\/wp-content\/uploads\/2025\/02\/20250211-130855-1536x864.jpg 1536w, https:\/\/ledenonciateur224.com\/wp-content\/uploads\/2025\/02\/20250211-130855-2048x1152.jpg 2048w, https:\/\/ledenonciateur224.com\/wp-content\/uploads\/2025\/02\/20250211-130855-150x84.jpg 150w, https:\/\/ledenonciateur224.com\/wp-content\/uploads\/2025\/02\/20250211-130855-696x392.jpg 696w, https:\/\/ledenonciateur224.com\/wp-content\/uploads\/2025\/02\/20250211-130855-1068x601.jpg 1068w, https:\/\/ledenonciateur224.com\/wp-content\/uploads\/2025\/02\/20250211-130855-1920x1080.jpg 1920w, https:\/\/ledenonciateur224.com\/wp-content\/uploads\/2025\/02\/20250211-130855-747x420.jpg 747w\" sizes=\"auto, (max-width: 2560px) 100vw, 2560px\" \/><\/p>\n<p>&nbsp;<\/p>\n<p>Interrog\u00e9, Djibril Kant\u00e9, le faux militaire, n\u2019a pas ni\u00e9 les faits. Toutefois, il a pr\u00e9cis\u00e9 qu&rsquo;il avait \u00e9t\u00e9 un sportif dans l\u2019enceinte du Camp Alpha Yaya Diallo.<\/p>\n<p><em>\u00ab\u00a0<\/em><em>J\u2019\u00e9tais aux sports militaires au camps Alpha Yaya. Avant, on avait l\u2019habitude de porter les tenues nous les stagiaires, et vu que je ne savais pas que c\u2019\u00e9tait grave de porter la tenue et sortir. J\u2019aime l\u2019arm\u00e9e, c\u2019est pourquoi j\u2019ai port\u00e9 la tenue ce n\u2019est pas pour faire du mal \u00e0 quelqu\u2019un ni rien.\u00bb,<\/em>\u00a0a-t-il tent\u00e9 de justifier.<\/p>\n<p>S\u2019agissant de l\u2019arme, il dit l\u2019avoir ramass\u00e9 lors d\u2019une op\u00e9ration de nettoyage dans le Camp.<\/p>\n<p><em>\u00ab C\u2019est dans le nettoyage que j\u2019ai eu cette arme et c\u2019\u00e9tait pas en bon \u00e9tat. Je reconnais le probl\u00e8me est le fait de ne l\u2019avoir pas rendu ou inform\u00e9 les chefs. Mais ce n\u2019est pas pour faire du mal ou bien intimid\u00e9 quelqu\u2019un. Et je reconnais que lorsqu\u2019on m\u2019a arr\u00eat\u00e9, ils m\u2019ont dit que c\u2019est interdit, j\u2019ai directement dit oui vous avez raison.\u00bb<\/em>, a-t-il avou\u00e9.<\/p>\n<p>&nbsp;<\/p>\n<p>Aboubacar Moussa Camara<\/p>\n<p>622 42 41 87<\/p>\n","protected":false},"excerpt":{"rendered":"<p>Le mardi 11 f\u00e9vrier 2025, lors de la pr\u00e9sentation du pr\u00e9venu, le commissaire principal de police de la direction centrale de la lutte contre le crime organis\u00e9, Foromo Soropogui, a r\u00e9v\u00e9l\u00e9 que l&rsquo;individu avait \u00e9t\u00e9 appr\u00e9hend\u00e9 le lundi 10 f\u00e9vrier aux environs de 4 heures du matin \u00e0 Madina Boussoura, alors qu&rsquo;il se trouvait en [&hellip;]<\/p>\n","protected":false},"author":2,"featured_media":1385,"comment_status":"open","ping_status":"open","sticky":false,"template":"","format":"standard","meta":{"_jetpack_memberships_contains_paid_content":false,"footnotes":"","jetpack_publicize_message":"","jetpack_publicize_feature_enabled":true,"jetpack_social_post_already_shared":false,"jetpack_social_options":{"image_generator_settings":{"template":"highway","default_image_id":0,"font":"","enabled":false},"version":2}},"categories":[30,24],"tags":[],"class_list":{"0":"post-1384","1":"post","2":"type-post","3":"status-publish","4":"format-standard","5":"has-post-thumbnail","7":"category-faits-divers","8":"category-news"},"jetpack_publicize_connections":[],"jetpack_featured_media_url":"https:\/\/ledenonciateur224.com\/wp-content\/uploads\/2025\/02\/20250211-130804-scaled.jpg","jetpack_sharing_enabled":true,"_links":{"self":[{"href":"https:\/\/ledenonciateur224.com\/index.php\/wp-json\/wp\/v2\/posts\/1384","targetHints":{"allow":["GET"]}}],"collection":[{"href":"https:\/\/ledenonciateur224.com\/index.php\/wp-json\/wp\/v2\/posts"}],"about":[{"href":"https:\/\/ledenonciateur224.com\/index.php\/wp-json\/wp\/v2\/types\/post"}],"author":[{"embeddable":true,"href":"https:\/\/ledenonciateur224.com\/index.php\/wp-json\/wp\/v2\/users\/2"}],"replies":[{"embeddable":true,"href":"https:\/\/ledenonciateur224.com\/index.php\/wp-json\/wp\/v2\/comments?post=1384"}],"version-history":[{"count":0,"href":"https:\/\/ledenonciateur224.com\/index.php\/wp-json\/wp\/v2\/posts\/1384\/revisions"}],"wp:featuredmedia":[{"embeddable":true,"href":"https:\/\/ledenonciateur224.com\/index.php\/wp-json\/wp\/v2\/media\/1385"}],"wp:attachment":[{"href":"https:\/\/ledenonciateur224.com\/index.php\/wp-json\/wp\/v2\/media?parent=1384"}],"wp:term":[{"taxonomy":"category","embeddable":true,"href":"https:\/\/ledenonciateur224.com\/index.php\/wp-json\/wp\/v2\/categories?post=1384"},{"taxonomy":"post_tag","embeddable":true,"href":"https:\/\/ledenonciateur224.com\/index.php\/wp-json\/wp\/v2\/tags?post=1384"}],"curies":[{"name":"wp","href":"https:\/\/api.w.org\/{rel}","templated":true}]}}