{"id":1391,"date":"2025-02-12T08:31:27","date_gmt":"2025-02-12T08:31:27","guid":{"rendered":"https:\/\/ledenonciateur224.com\/?p=1391"},"modified":"2025-02-12T08:31:27","modified_gmt":"2025-02-12T08:31:27","slug":"incendie-majeur-au-quartier-dabondy-a-conakry-des-efforts-en-cours-pour-contenir-les-flammes","status":"publish","type":"post","link":"https:\/\/ledenonciateur224.com\/index.php\/incendie-majeur-au-quartier-dabondy-a-conakry-des-efforts-en-cours-pour-contenir-les-flammes\/","title":{"rendered":"Incendie Majeur au Quartier Dabondy \u00e0 Conakry : Des efforts en cours pour contenir les flammes"},"content":{"rendered":"<p>Conakry, 12 f\u00e9vrier 2025 \u2013 Un incendie d&rsquo;une ampleur consid\u00e9rable s&rsquo;est d\u00e9clench\u00e9 ce mercredi matin, 12 f\u00e9vrier 2025, au quartier Dabondy, dans la commune de Matam, \u00e0 Conakry. Selon des sources locales, le feu aurait pris naissance dans un d\u00e9p\u00f4t de bois situ\u00e9 dans cette zone enclav\u00e9e et en grande partie insalubre, travers\u00e9e par la route du Niger.<\/p>\n<p>Les flammes, visibles de loin, ont provoqu\u00e9 une panique g\u00e9n\u00e9rale parmi les habitants du quartier. Actuellement, les sapeurs-pompiers sont sur place et d\u00e9ploient tous leurs efforts pour ma\u00eetriser ce sinistre. La situation reste sous contr\u00f4le, mais les autorit\u00e9s locales sont mobilis\u00e9es pour \u00e9viter que l&rsquo;incendie ne se propage davantage. Des informations suppl\u00e9mentaires sont attendues pour \u00e9valuer l&rsquo;\u00e9tendue des d\u00e9g\u00e2ts et les causes exactes de l&rsquo;incident.<\/p>\n<p>La population est conseill\u00e9e de rester \u00e0 distance et de suivre les instructions des autorit\u00e9s comp\u00e9tentes.<\/p>\n<h3><strong>\u00a0<\/strong><\/h3>\n<h3><strong>Alpha Soumah\u00a0<\/strong><\/h3>\n","protected":false},"excerpt":{"rendered":"<p>Conakry, 12 f\u00e9vrier 2025 \u2013 Un incendie d&rsquo;une ampleur consid\u00e9rable s&rsquo;est d\u00e9clench\u00e9 ce mercredi matin, 12 f\u00e9vrier 2025, au quartier Dabondy, dans la commune de Matam, \u00e0 Conakry. Selon des sources locales, le feu aurait pris naissance dans un d\u00e9p\u00f4t de bois situ\u00e9 dans cette zone enclav\u00e9e et en grande partie insalubre, travers\u00e9e par la [&hellip;]<\/p>\n","protected":false},"author":2,"featured_media":1393,"comment_status":"open","ping_status":"open","sticky":false,"template":"","format":"standard","meta":{"_jetpack_memberships_contains_paid_content":false,"footnotes":"","jetpack_publicize_message":"","jetpack_publicize_feature_enabled":true,"jetpack_social_post_already_shared":false,"jetpack_social_options":{"image_generator_settings":{"template":"highway","default_image_id":0,"font":"","enabled":false},"version":2}},"categories":[30,24],"tags":[36,172],"class_list":{"0":"post-1391","1":"post","2":"type-post","3":"status-publish","4":"format-standard","5":"has-post-thumbnail","7":"category-faits-divers","8":"category-news","9":"tag-conakry","10":"tag-incendie"},"jetpack_publicize_connections":[],"jetpack_featured_media_url":"https:\/\/ledenonciateur224.com\/wp-content\/uploads\/2025\/02\/incendie-dabondy-1.png","jetpack_sharing_enabled":true,"_links":{"self":[{"href":"https:\/\/ledenonciateur224.com\/index.php\/wp-json\/wp\/v2\/posts\/1391","targetHints":{"allow":["GET"]}}],"collection":[{"href":"https:\/\/ledenonciateur224.com\/index.php\/wp-json\/wp\/v2\/posts"}],"about":[{"href":"https:\/\/ledenonciateur224.com\/index.php\/wp-json\/wp\/v2\/types\/post"}],"author":[{"embeddable":true,"href":"https:\/\/ledenonciateur224.com\/index.php\/wp-json\/wp\/v2\/users\/2"}],"replies":[{"embeddable":true,"href":"https:\/\/ledenonciateur224.com\/index.php\/wp-json\/wp\/v2\/comments?post=1391"}],"version-history":[{"count":0,"href":"https:\/\/ledenonciateur224.com\/index.php\/wp-json\/wp\/v2\/posts\/1391\/revisions"}],"wp:featuredmedia":[{"embeddable":true,"href":"https:\/\/ledenonciateur224.com\/index.php\/wp-json\/wp\/v2\/media\/1393"}],"wp:attachment":[{"href":"https:\/\/ledenonciateur224.com\/index.php\/wp-json\/wp\/v2\/media?parent=1391"}],"wp:term":[{"taxonomy":"category","embeddable":true,"href":"https:\/\/ledenonciateur224.com\/index.php\/wp-json\/wp\/v2\/categories?post=1391"},{"taxonomy":"post_tag","embeddable":true,"href":"https:\/\/ledenonciateur224.com\/index.php\/wp-json\/wp\/v2\/tags?post=1391"}],"curies":[{"name":"wp","href":"https:\/\/api.w.org\/{rel}","templated":true}]}}