{"id":1406,"date":"2025-02-12T19:46:13","date_gmt":"2025-02-12T19:46:13","guid":{"rendered":"https:\/\/ledenonciateur224.com\/?p=1406"},"modified":"2025-02-12T19:46:13","modified_gmt":"2025-02-12T19:46:13","slug":"proces-de-mamadi-camara-la-crief-refuse-le-huis-clos-et-poursuit-laudience-en-pleine-lumiere","status":"publish","type":"post","link":"https:\/\/ledenonciateur224.com\/index.php\/proces-de-mamadi-camara-la-crief-refuse-le-huis-clos-et-poursuit-laudience-en-pleine-lumiere\/","title":{"rendered":"Proc\u00e8s de Mamadi Camara : La CRIEF refuse le huis clos et poursuit l\u2019audience en pleine lumi\u00e8re"},"content":{"rendered":"<p>Le proc\u00e8s de Mamadi Camara, ancien ministre de l&rsquo;\u00c9conomie et des Finances sous Alpha Cond\u00e9, se poursuit ce mercredi 12 f\u00e9vrier 2025 devant la Chambre de jugement de la Cour de R\u00e9pression des Infractions \u00c9conomiques et Financi\u00e8res (CRIEF). Poursuivi pour d\u00e9tournement de deniers publics, blanchiment de capitaux, corruption et enrichissement illicite, l&rsquo;ex-ministre est confront\u00e9 \u00e0 des inspecteurs ayant r\u00e9dig\u00e9 un rapport accablant.<\/p>\n<p>\u00c0 l&rsquo;ouverture de l&rsquo;audience, le juge Yaghouba Cont\u00e9 a inform\u00e9 les parties d&rsquo;une demande du V\u00e9rificateur G\u00e9n\u00e9ral, sollicitant que les inspecteurs soient entendus \u00e0 huis clos pour pr\u00e9server leur identit\u00e9 en raison de la nature sensible de leur mission. Cette requ\u00eate a \u00e9t\u00e9 fermement contest\u00e9e par la d\u00e9fense, qui a soulign\u00e9 le caract\u00e8re public des audiences judiciaires. Apr\u00e8s d\u00e9lib\u00e9ration, la CRIEF a d\u00e9cid\u00e9 de rejeter la demande de huis clos, ordonnant la comparution publique des inspecteurs.<\/p>\n<p>Lors de l&rsquo;audience, Abdoulaye Oumar Diallo, inspecteur d&rsquo;\u00c9tat et V\u00e9rificateur G\u00e9n\u00e9ral Adjoint, a expliqu\u00e9 que le rapport r\u00e9dig\u00e9 \u00e9tait provisoire, car l&rsquo;ex-ministre n&rsquo;avait pas \u00e9t\u00e9 consult\u00e9 durant l&rsquo;enqu\u00eate. Il a pr\u00e9cis\u00e9 que l&rsquo;objectif \u00e9tait de v\u00e9rifier si les montants allou\u00e9s au minist\u00e8re avaient \u00e9t\u00e9 correctement utilis\u00e9s, en collaboration avec des services tels que la Direction Administrative et Financi\u00e8re (DAF) et le service des investissements.<\/p>\n<p>La d\u00e9fense a contest\u00e9 la proc\u00e9dure, arguant que Mamadi Camara n&rsquo;avait pas \u00e9t\u00e9 inform\u00e9 de la mission de l&rsquo;Inspection G\u00e9n\u00e9rale d&rsquo;\u00c9tat, remettant en question la l\u00e9galit\u00e9 du rapport.<\/p>\n<p>La CRIEF a d\u00e9cid\u00e9 de renvoyer l&rsquo;affaire au 26 mars 2025, afin de permettre aux parties de formuler leurs observations sur le rapport d&rsquo;enqu\u00eate et d&rsquo;entendre la partie civile.<\/p>\n<p>&nbsp;<\/p>\n<p>N&rsquo;sira Sylla<\/p>\n<p>&nbsp;<\/p>\n","protected":false},"excerpt":{"rendered":"<p>Le proc\u00e8s de Mamadi Camara, ancien ministre de l&rsquo;\u00c9conomie et des Finances sous Alpha Cond\u00e9, se poursuit ce mercredi 12 f\u00e9vrier 2025 devant la Chambre de jugement de la Cour de R\u00e9pression des Infractions \u00c9conomiques et Financi\u00e8res (CRIEF). Poursuivi pour d\u00e9tournement de deniers publics, blanchiment de capitaux, corruption et enrichissement illicite, l&rsquo;ex-ministre est confront\u00e9 \u00e0 [&hellip;]<\/p>\n","protected":false},"author":2,"featured_media":781,"comment_status":"open","ping_status":"open","sticky":false,"template":"","format":"standard","meta":{"_jetpack_memberships_contains_paid_content":false,"footnotes":"","jetpack_publicize_message":"","jetpack_publicize_feature_enabled":true,"jetpack_social_post_already_shared":false,"jetpack_social_options":{"image_generator_settings":{"template":"highway","default_image_id":0,"font":"","enabled":false},"version":2}},"categories":[30,24],"tags":[37,35],"class_list":{"0":"post-1406","1":"post","2":"type-post","3":"status-publish","4":"format-standard","5":"has-post-thumbnail","7":"category-faits-divers","8":"category-news","9":"tag-crief","10":"tag-guinee"},"jetpack_publicize_connections":[],"jetpack_featured_media_url":"https:\/\/ledenonciateur224.com\/wp-content\/uploads\/2025\/01\/img-20240613-171746-700-x-380-pixel.jpg","jetpack_sharing_enabled":true,"_links":{"self":[{"href":"https:\/\/ledenonciateur224.com\/index.php\/wp-json\/wp\/v2\/posts\/1406","targetHints":{"allow":["GET"]}}],"collection":[{"href":"https:\/\/ledenonciateur224.com\/index.php\/wp-json\/wp\/v2\/posts"}],"about":[{"href":"https:\/\/ledenonciateur224.com\/index.php\/wp-json\/wp\/v2\/types\/post"}],"author":[{"embeddable":true,"href":"https:\/\/ledenonciateur224.com\/index.php\/wp-json\/wp\/v2\/users\/2"}],"replies":[{"embeddable":true,"href":"https:\/\/ledenonciateur224.com\/index.php\/wp-json\/wp\/v2\/comments?post=1406"}],"version-history":[{"count":0,"href":"https:\/\/ledenonciateur224.com\/index.php\/wp-json\/wp\/v2\/posts\/1406\/revisions"}],"wp:featuredmedia":[{"embeddable":true,"href":"https:\/\/ledenonciateur224.com\/index.php\/wp-json\/wp\/v2\/media\/781"}],"wp:attachment":[{"href":"https:\/\/ledenonciateur224.com\/index.php\/wp-json\/wp\/v2\/media?parent=1406"}],"wp:term":[{"taxonomy":"category","embeddable":true,"href":"https:\/\/ledenonciateur224.com\/index.php\/wp-json\/wp\/v2\/categories?post=1406"},{"taxonomy":"post_tag","embeddable":true,"href":"https:\/\/ledenonciateur224.com\/index.php\/wp-json\/wp\/v2\/tags?post=1406"}],"curies":[{"name":"wp","href":"https:\/\/api.w.org\/{rel}","templated":true}]}}