{"id":1425,"date":"2025-02-13T18:14:09","date_gmt":"2025-02-13T18:14:09","guid":{"rendered":"https:\/\/ledenonciateur224.com\/?p=1425"},"modified":"2025-02-13T18:14:09","modified_gmt":"2025-02-13T18:14:09","slug":"la-hac-avertit-les-journalistes-les-web-tv-et-web-radios-sans-regulation-legale-risquent-des-sanctions-severes","status":"publish","type":"post","link":"https:\/\/ledenonciateur224.com\/index.php\/la-hac-avertit-les-journalistes-les-web-tv-et-web-radios-sans-regulation-legale-risquent-des-sanctions-severes\/","title":{"rendered":"La HAC avertit les journalistes : Les Web TV et Web Radios sans r\u00e9gulation l\u00e9gale risquent des sanctions s\u00e9v\u00e8res !"},"content":{"rendered":"<p>&nbsp;<\/p>\n<p>Le pr\u00e9sident de la Haute Autorit\u00e9 de la Communication (HAC), Boubacar Yacine Diallo, a r\u00e9cemment lanc\u00e9 une formation \u00e0 l&rsquo;intention des journalistes \u00e0 Kindia, afin de sensibiliser \u00e0 la n\u00e9cessit\u00e9 de diffuser des informations v\u00e9rifi\u00e9es, notamment en ce qui concerne les Web TV et les Web Radios. Dans un contexte o\u00f9 ces m\u00e9dias num\u00e9riques connaissent une popularit\u00e9 croissante, en particulier gr\u00e2ce \u00e0 l&rsquo;acc\u00e8s facilit\u00e9 \u00e0 Internet en Guin\u00e9e, Boubacar Yacine a exprim\u00e9 son inqui\u00e9tude face \u00e0 la prolif\u00e9ration de ces plateformes non r\u00e9gul\u00e9es.<\/p>\n<p>Selon lui, bien qu&rsquo;elles soient largement utilis\u00e9es, elles ne sont actuellement couvertes par aucune l\u00e9gislation sp\u00e9cifique en Guin\u00e9e.<\/p>\n<p>Il a rappel\u00e9 que les lois en vigueur, soutenues par la HAC, ne reconnaissent pas officiellement les Web TV et les Web Radios, ce qui les expose \u00e0 des d\u00e9rives. En cons\u00e9quence, les journalistes qui se lancent dans la cr\u00e9ation de ces m\u00e9dias en ligne sans autorisation l\u00e9gale prennent des risques. Il a pr\u00e9cis\u00e9 que si ces derniers diffusaient des informations erron\u00e9es ou enfreignaient les r\u00e8gles en vigueur, ils pourraient \u00eatre poursuivis sous la loi sur la cybers\u00e9curit\u00e9, et non pas selon les r\u00e8gles plus souples de la loi sur la libert\u00e9 de la presse, qui prot\u00e8ge les journalistes contre la p\u00e9nalisation des d\u00e9lits de presse.<\/p>\n<p>&nbsp;<\/p>\n<p>Ce message fort vise \u00e0 alerter les journalistes et les cr\u00e9ateurs de contenus num\u00e9riques sur les dangers juridiques encourus en l&rsquo;absence de r\u00e9gulation, incitant ainsi \u00e0 une prise de conscience collective sur les normes \u00e0 respecter pour garantir la qualit\u00e9 et la l\u00e9galit\u00e9 des informations diffus\u00e9es en ligne.<\/p>\n<p>&nbsp;<\/p>\n<p>Amadou Khatia Camara<\/p>\n","protected":false},"excerpt":{"rendered":"<p>&nbsp; Le pr\u00e9sident de la Haute Autorit\u00e9 de la Communication (HAC), Boubacar Yacine Diallo, a r\u00e9cemment lanc\u00e9 une formation \u00e0 l&rsquo;intention des journalistes \u00e0 Kindia, afin de sensibiliser \u00e0 la n\u00e9cessit\u00e9 de diffuser des informations v\u00e9rifi\u00e9es, notamment en ce qui concerne les Web TV et les Web Radios. Dans un contexte o\u00f9 ces m\u00e9dias num\u00e9riques [&hellip;]<\/p>\n","protected":false},"author":2,"featured_media":1426,"comment_status":"open","ping_status":"open","sticky":false,"template":"","format":"standard","meta":{"_jetpack_memberships_contains_paid_content":false,"footnotes":"","jetpack_publicize_message":"","jetpack_publicize_feature_enabled":true,"jetpack_social_post_already_shared":false,"jetpack_social_options":{"image_generator_settings":{"template":"highway","default_image_id":0,"font":"","enabled":false},"version":2}},"categories":[30,24,33],"tags":[346,41],"class_list":{"0":"post-1425","1":"post","2":"type-post","3":"status-publish","4":"format-standard","5":"has-post-thumbnail","7":"category-faits-divers","8":"category-news","9":"category-region","10":"tag-journalistes","11":"tag-medias-guineens"},"jetpack_publicize_connections":[],"jetpack_featured_media_url":"https:\/\/ledenonciateur224.com\/wp-content\/uploads\/2025\/02\/boubacar-yacine-diallo-president-de-la-hac.jpeg","jetpack_sharing_enabled":true,"_links":{"self":[{"href":"https:\/\/ledenonciateur224.com\/index.php\/wp-json\/wp\/v2\/posts\/1425","targetHints":{"allow":["GET"]}}],"collection":[{"href":"https:\/\/ledenonciateur224.com\/index.php\/wp-json\/wp\/v2\/posts"}],"about":[{"href":"https:\/\/ledenonciateur224.com\/index.php\/wp-json\/wp\/v2\/types\/post"}],"author":[{"embeddable":true,"href":"https:\/\/ledenonciateur224.com\/index.php\/wp-json\/wp\/v2\/users\/2"}],"replies":[{"embeddable":true,"href":"https:\/\/ledenonciateur224.com\/index.php\/wp-json\/wp\/v2\/comments?post=1425"}],"version-history":[{"count":0,"href":"https:\/\/ledenonciateur224.com\/index.php\/wp-json\/wp\/v2\/posts\/1425\/revisions"}],"wp:featuredmedia":[{"embeddable":true,"href":"https:\/\/ledenonciateur224.com\/index.php\/wp-json\/wp\/v2\/media\/1426"}],"wp:attachment":[{"href":"https:\/\/ledenonciateur224.com\/index.php\/wp-json\/wp\/v2\/media?parent=1425"}],"wp:term":[{"taxonomy":"category","embeddable":true,"href":"https:\/\/ledenonciateur224.com\/index.php\/wp-json\/wp\/v2\/categories?post=1425"},{"taxonomy":"post_tag","embeddable":true,"href":"https:\/\/ledenonciateur224.com\/index.php\/wp-json\/wp\/v2\/tags?post=1425"}],"curies":[{"name":"wp","href":"https:\/\/api.w.org\/{rel}","templated":true}]}}