{"id":1438,"date":"2025-02-15T09:28:00","date_gmt":"2025-02-15T09:28:00","guid":{"rendered":"https:\/\/ledenonciateur224.com\/?p=1438"},"modified":"2025-02-15T09:28:00","modified_gmt":"2025-02-15T09:28:00","slug":"le-syndicat-des-professionnels-de-la-guinee-est-officiellement-integre-dans-fij","status":"publish","type":"post","link":"https:\/\/ledenonciateur224.com\/index.php\/le-syndicat-des-professionnels-de-la-guinee-est-officiellement-integre-dans-fij\/","title":{"rendered":"Le syndicat des professionnels de la Guin\u00e9e est officiellement int\u00e9gr\u00e9 dans FIJ"},"content":{"rendered":"<p>Le Bureau National du SPPG a le plaisir de vous informer que notre grande famille syndicale vient de franchir une \u00e9tape majeure dans son engagement pour la d\u00e9fense des professionnels de l&rsquo;information reconnu au-del\u00e0 de nos fronti\u00e8res. En effet, le SPPG est d\u00e9sormais membre affili\u00e9 \u00e0 part enti\u00e8re de la f\u00e9d\u00e9ration internationale des journalistes (FIJ).<\/p>\n<p>Le processus d&rsquo;affiliation que le bureau national a engag\u00e9 l&rsquo;ann\u00e9e derni\u00e8re sous le leadership du G\u00e9n\u00e9ral PENDESSA a \u00e9t\u00e9 couronn\u00e9 de succ\u00e8s \u00e0 toutes les \u00e9tapes. C&rsquo;est ce jeudi 13 f\u00e9vrier 2025 que le num\u00e9ro 1 de ce prestigieux grand ensemble mondial M. Anthony Bellanger a notifi\u00e9 la bonne nouvelle au Secr\u00e9taire G\u00e9n\u00e9ral du SPPG.<\/p>\n<p>&nbsp;<\/p>\n<p>Plus grande organisation des professionnels de l&rsquo;information \u00e0 l&rsquo;international, la FIJ est la voix mondiale des journalistes. Avec donc cette int\u00e9gration historique du SPPG, les pr\u00e9occupations de la presse guin\u00e9enne seront davantage port\u00e9es \u00e0 des niveaux tr\u00e8s \u00e9lev\u00e9s d&rsquo;organismes de la sc\u00e8ne internationale.<\/p>\n<p>&nbsp;<\/p>\n<p>Conakry, le 14 f\u00e9vrier 2025<\/p>\n<p>&nbsp;<\/p>\n<p>Le Bureau National<\/p>\n<p>&nbsp;<\/p>\n<p>Voir ci-dessous la page officielle de la FIJ annon\u00e7ant notre int\u00e9gration<\/p>\n<p><img loading=\"lazy\" decoding=\"async\" class=\"alignnone size-full wp-image-1439\" src=\"https:\/\/ledenonciateur224.com\/wp-content\/uploads\/2025\/02\/img-20250214-wa0265.jpg\" alt=\"\" width=\"583\" height=\"1080\" srcset=\"https:\/\/ledenonciateur224.com\/wp-content\/uploads\/2025\/02\/img-20250214-wa0265.jpg 583w, https:\/\/ledenonciateur224.com\/wp-content\/uploads\/2025\/02\/img-20250214-wa0265-162x300.jpg 162w, https:\/\/ledenonciateur224.com\/wp-content\/uploads\/2025\/02\/img-20250214-wa0265-553x1024.jpg 553w, https:\/\/ledenonciateur224.com\/wp-content\/uploads\/2025\/02\/img-20250214-wa0265-150x278.jpg 150w, https:\/\/ledenonciateur224.com\/wp-content\/uploads\/2025\/02\/img-20250214-wa0265-300x556.jpg 300w, https:\/\/ledenonciateur224.com\/wp-content\/uploads\/2025\/02\/img-20250214-wa0265-227x420.jpg 227w\" sizes=\"auto, (max-width: 583px) 100vw, 583px\" \/><\/p>\n","protected":false},"excerpt":{"rendered":"<p>Le Bureau National du SPPG a le plaisir de vous informer que notre grande famille syndicale vient de franchir une \u00e9tape majeure dans son engagement pour la d\u00e9fense des professionnels de l&rsquo;information reconnu au-del\u00e0 de nos fronti\u00e8res. En effet, le SPPG est d\u00e9sormais membre affili\u00e9 \u00e0 part enti\u00e8re de la f\u00e9d\u00e9ration internationale des journalistes (FIJ). [&hellip;]<\/p>\n","protected":false},"author":2,"featured_media":1277,"comment_status":"open","ping_status":"open","sticky":false,"template":"","format":"standard","meta":{"_jetpack_memberships_contains_paid_content":false,"footnotes":"","jetpack_publicize_message":"","jetpack_publicize_feature_enabled":true,"jetpack_social_post_already_shared":false,"jetpack_social_options":{"image_generator_settings":{"template":"highway","default_image_id":0,"font":"","enabled":false},"version":2}},"categories":[30,38,24],"tags":[354,346,310],"class_list":{"0":"post-1438","1":"post","2":"type-post","3":"status-publish","4":"format-standard","5":"has-post-thumbnail","7":"category-faits-divers","8":"category-international","9":"category-news","10":"tag-fij","11":"tag-journalistes","12":"tag-sppg"},"jetpack_publicize_connections":[],"jetpack_featured_media_url":"https:\/\/ledenonciateur224.com\/wp-content\/uploads\/2025\/02\/img-20250204-wa0198.jpg","jetpack_sharing_enabled":true,"_links":{"self":[{"href":"https:\/\/ledenonciateur224.com\/index.php\/wp-json\/wp\/v2\/posts\/1438","targetHints":{"allow":["GET"]}}],"collection":[{"href":"https:\/\/ledenonciateur224.com\/index.php\/wp-json\/wp\/v2\/posts"}],"about":[{"href":"https:\/\/ledenonciateur224.com\/index.php\/wp-json\/wp\/v2\/types\/post"}],"author":[{"embeddable":true,"href":"https:\/\/ledenonciateur224.com\/index.php\/wp-json\/wp\/v2\/users\/2"}],"replies":[{"embeddable":true,"href":"https:\/\/ledenonciateur224.com\/index.php\/wp-json\/wp\/v2\/comments?post=1438"}],"version-history":[{"count":0,"href":"https:\/\/ledenonciateur224.com\/index.php\/wp-json\/wp\/v2\/posts\/1438\/revisions"}],"wp:featuredmedia":[{"embeddable":true,"href":"https:\/\/ledenonciateur224.com\/index.php\/wp-json\/wp\/v2\/media\/1277"}],"wp:attachment":[{"href":"https:\/\/ledenonciateur224.com\/index.php\/wp-json\/wp\/v2\/media?parent=1438"}],"wp:term":[{"taxonomy":"category","embeddable":true,"href":"https:\/\/ledenonciateur224.com\/index.php\/wp-json\/wp\/v2\/categories?post=1438"},{"taxonomy":"post_tag","embeddable":true,"href":"https:\/\/ledenonciateur224.com\/index.php\/wp-json\/wp\/v2\/tags?post=1438"}],"curies":[{"name":"wp","href":"https:\/\/api.w.org\/{rel}","templated":true}]}}