{"id":1445,"date":"2025-02-15T12:15:52","date_gmt":"2025-02-15T12:15:52","guid":{"rendered":"https:\/\/ledenonciateur224.com\/?p=1445"},"modified":"2025-02-15T12:15:52","modified_gmt":"2025-02-15T12:15:52","slug":"la-guinee-franchit-un-nouveau-cap-dans-le-secteur-minier-avec-la-signature-dune-nouvelle-convention-collective","status":"publish","type":"post","link":"https:\/\/ledenonciateur224.com\/index.php\/la-guinee-franchit-un-nouveau-cap-dans-le-secteur-minier-avec-la-signature-dune-nouvelle-convention-collective\/","title":{"rendered":"La Guin\u00e9e franchit un nouveau cap dans le secteur minier avec la signature d\u2019une nouvelle convention collective"},"content":{"rendered":"<p>Le 14 f\u00e9vrier 2025, apr\u00e8s trois d\u00e9cennies, le ministre du Travail et de la Fonction publique, Fran\u00e7ois Bourouno, a officiellement sign\u00e9 la nouvelle convention collective pour le secteur minier guin\u00e9en. Cette signature a eu lieu en pr\u00e9sence des partenaires sociaux dans la salle du 28 septembre au Palais du Peuple. La nouvelle convention vise \u00e0 instaurer un meilleur \u00e9quilibre entre les droits des travailleurs et les int\u00e9r\u00eats des entreprises mini\u00e8res, tout en garantissant des conditions de travail conformes aux principes du travail d\u00e9cent.<\/p>\n<p>La r\u00e9forme est un ajustement n\u00e9cessaire aux \u00e9volutions du secteur, marqu\u00e9 par l\u2019arriv\u00e9e de nouveaux investisseurs et une augmentation des exigences en mati\u00e8re de protection sociale et environnementale. En outre, elle met en place une grille salariale avec un salaire de base minimum pour les entrants dans le secteur minier et encadre la sous-traitance, o\u00f9 les travailleurs sous-traitants devront d\u00e9sormais toucher au moins 70 % du salaire de base des soci\u00e9t\u00e9s principales.<\/p>\n<p>&nbsp;<\/p>\n<p>Cette r\u00e9forme symbolise l&rsquo;engagement du gouvernement guin\u00e9en \u00e0 moderniser et adapter la l\u00e9gislation mini\u00e8re aux d\u00e9fis actuels, marquant une avanc\u00e9e significative depuis la derni\u00e8re version de la convention de 1995.<\/p>\n<p>&nbsp;<\/p>\n<p>N&rsquo;sira Sylla<\/p>\n","protected":false},"excerpt":{"rendered":"<p>Le 14 f\u00e9vrier 2025, apr\u00e8s trois d\u00e9cennies, le ministre du Travail et de la Fonction publique, Fran\u00e7ois Bourouno, a officiellement sign\u00e9 la nouvelle convention collective pour le secteur minier guin\u00e9en. Cette signature a eu lieu en pr\u00e9sence des partenaires sociaux dans la salle du 28 septembre au Palais du Peuple. La nouvelle convention vise \u00e0 [&hellip;]<\/p>\n","protected":false},"author":2,"featured_media":1446,"comment_status":"open","ping_status":"open","sticky":false,"template":"","format":"standard","meta":{"_jetpack_memberships_contains_paid_content":false,"footnotes":"","jetpack_publicize_message":"","jetpack_publicize_feature_enabled":true,"jetpack_social_post_already_shared":false,"jetpack_social_options":{"image_generator_settings":{"template":"highway","default_image_id":0,"font":"","enabled":false},"version":2}},"categories":[29,24],"tags":[355,356],"class_list":{"0":"post-1445","1":"post","2":"type-post","3":"status-publish","4":"format-standard","5":"has-post-thumbnail","7":"category-economie","8":"category-news","9":"tag-contrat-minier","10":"tag-mines"},"jetpack_publicize_connections":[],"jetpack_featured_media_url":"https:\/\/ledenonciateur224.com\/wp-content\/uploads\/2025\/02\/signature-convention-collective-pour-le-secteur-minier-guineen.jpg","jetpack_sharing_enabled":true,"_links":{"self":[{"href":"https:\/\/ledenonciateur224.com\/index.php\/wp-json\/wp\/v2\/posts\/1445","targetHints":{"allow":["GET"]}}],"collection":[{"href":"https:\/\/ledenonciateur224.com\/index.php\/wp-json\/wp\/v2\/posts"}],"about":[{"href":"https:\/\/ledenonciateur224.com\/index.php\/wp-json\/wp\/v2\/types\/post"}],"author":[{"embeddable":true,"href":"https:\/\/ledenonciateur224.com\/index.php\/wp-json\/wp\/v2\/users\/2"}],"replies":[{"embeddable":true,"href":"https:\/\/ledenonciateur224.com\/index.php\/wp-json\/wp\/v2\/comments?post=1445"}],"version-history":[{"count":0,"href":"https:\/\/ledenonciateur224.com\/index.php\/wp-json\/wp\/v2\/posts\/1445\/revisions"}],"wp:featuredmedia":[{"embeddable":true,"href":"https:\/\/ledenonciateur224.com\/index.php\/wp-json\/wp\/v2\/media\/1446"}],"wp:attachment":[{"href":"https:\/\/ledenonciateur224.com\/index.php\/wp-json\/wp\/v2\/media?parent=1445"}],"wp:term":[{"taxonomy":"category","embeddable":true,"href":"https:\/\/ledenonciateur224.com\/index.php\/wp-json\/wp\/v2\/categories?post=1445"},{"taxonomy":"post_tag","embeddable":true,"href":"https:\/\/ledenonciateur224.com\/index.php\/wp-json\/wp\/v2\/tags?post=1445"}],"curies":[{"name":"wp","href":"https:\/\/api.w.org\/{rel}","templated":true}]}}