{"id":1460,"date":"2025-02-17T08:52:02","date_gmt":"2025-02-17T08:52:02","guid":{"rendered":"https:\/\/ledenonciateur224.com\/?p=1460"},"modified":"2025-02-17T08:52:02","modified_gmt":"2025-02-17T08:52:02","slug":"munich-la-mission-de-travail-conduite-par-le-ministre-secretaire-general-de-la-presidence-poursuit-ses-consultations-a-munich-en-marge-de-la-conference-sur-la-securite","status":"publish","type":"post","link":"https:\/\/ledenonciateur224.com\/index.php\/munich-la-mission-de-travail-conduite-par-le-ministre-secretaire-general-de-la-presidence-poursuit-ses-consultations-a-munich-en-marge-de-la-conference-sur-la-securite\/","title":{"rendered":"Munich : La mission de travail conduite par le Ministre Secr\u00e9taire G\u00e9n\u00e9ral de la Pr\u00e9sidence poursuit ses consultations \u00e0 Munich en marge de la conf\u00e9rence sur la s\u00e9curit\u00e9"},"content":{"rendered":"<div dir=\"auto\">\n<h1 style=\"text-align: left\"><span style=\"color: #222222;font-family: Verdana, Geneva, sans-serif;font-size: 15px\">Au sommet de Munich les questions et rencontres sur la s\u00e9curit\u00e9 sont des priorit\u00e9s absolues. La d\u00e9l\u00e9gation guin\u00e9enne conduite par le G\u00e9n\u00e9ral de Division Amara Camara n\u2019a pas d\u00e9rog\u00e9 \u00e0 cette r\u00e8gle. Le samedi 15 f\u00e9vrier 2025, l\u2019\u00e9missaire du Chef de l\u2019\u00c9tat, le Ministre Secr\u00e9taire G\u00e9n\u00e9ral de la Pr\u00e9sidence a d\u2019abord re\u00e7u en audience le Ministre de la D\u00e9fense du Rwanda.<\/span><\/h1>\n<\/div>\n<div dir=\"auto\">\n<p>Au menu de la rencontre, la belle amiti\u00e9 entre Conakry et Kigali sous la vision des deux Chefs d\u2019\u00c9tat, Son Excellence G\u00e9n\u00e9ral Mamadi Doumbouya et son Excellence Paul Kagame. Les deux d\u00e9l\u00e9gations ont surf\u00e9 sur la belle histoire de fraternit\u00e9 entre ces deux leaders en \u00e9voquant des questions de renforcement de la coop\u00e9ration militaire.<\/p>\n<p><img loading=\"lazy\" decoding=\"async\" class=\"alignnone size-full wp-image-1462\" src=\"https:\/\/ledenonciateur224.com\/wp-content\/uploads\/2025\/02\/fb-img-1739781131102.jpg\" alt=\"\" width=\"1080\" height=\"720\" srcset=\"https:\/\/ledenonciateur224.com\/wp-content\/uploads\/2025\/02\/fb-img-1739781131102.jpg 1080w, https:\/\/ledenonciateur224.com\/wp-content\/uploads\/2025\/02\/fb-img-1739781131102-300x200.jpg 300w, https:\/\/ledenonciateur224.com\/wp-content\/uploads\/2025\/02\/fb-img-1739781131102-1024x683.jpg 1024w, https:\/\/ledenonciateur224.com\/wp-content\/uploads\/2025\/02\/fb-img-1739781131102-768x512.jpg 768w, https:\/\/ledenonciateur224.com\/wp-content\/uploads\/2025\/02\/fb-img-1739781131102-150x100.jpg 150w, https:\/\/ledenonciateur224.com\/wp-content\/uploads\/2025\/02\/fb-img-1739781131102-696x464.jpg 696w, https:\/\/ledenonciateur224.com\/wp-content\/uploads\/2025\/02\/fb-img-1739781131102-1068x712.jpg 1068w, https:\/\/ledenonciateur224.com\/wp-content\/uploads\/2025\/02\/fb-img-1739781131102-630x420.jpg 630w\" sizes=\"auto, (max-width: 1080px) 100vw, 1080px\" \/><\/p>\n<p>Le G\u00e9n\u00e9ral Amara Camara, \u00e0 ses c\u00f4t\u00e9s le Ministre des Affaires \u00e9trang\u00e8res Dr Morissanda Kouyat\u00e9 et le commandant du groupement des forces sp\u00e9ciales, a ensuite re\u00e7u, dans la foul\u00e9e, le Ministre Mauritanien de la D\u00e9fense. Avec Monsieur Hanana Ould Sidi les \u00e9changes ont \u00e9galement port\u00e9 sur la dynamisation de la coop\u00e9ration entre les deux \u00c9tats membres de l\u2019OMVS, l\u2019Organisation pour la Mise en Valeur du fleuve S\u00e9n\u00e9gal, sur le plan de la s\u00e9curit\u00e9. Les deux parties ont aussi \u00e9voqu\u00e9 des questions purement diplomatiques, se proposant d\u2019\u00e9lever, sous la directive de leurs pr\u00e9sidents respectifs, le niveau de repr\u00e9sentativit\u00e9 \u00e0 travers des Ambassades.<\/p>\n<p>En d\u00e9but d\u2019apr\u00e8s-midi, le Ministre Secr\u00e9taire G\u00e9n\u00e9ral de la Pr\u00e9sidence a \u00e9chang\u00e9 avec Monsieur Javier Colomina, Secr\u00e9taire G\u00e9n\u00e9ral de l\u2019OTAN (l\u2019Organisation du Trait\u00e9 de l\u2019Atlantique Nord).<\/p>\n<p>L\u2019OTAN souhaite engager des r\u00e9flexions profondes avec la Guin\u00e9e sur des sujets essentiels comme la s\u00e9curit\u00e9 dans la sous-r\u00e9gion. Le G\u00e9n\u00e9ral Amara Camara a \u00e9cout\u00e9 et not\u00e9 les propositions faites dans ce sujet. Il a rappel\u00e9 que la s\u00e9curit\u00e9 est une question fondamentale pour le Chef de l\u2019\u00c9tat S.E le General Mamadi DOUMBOUYA et qu\u2019elle doit \u00eatre abord\u00e9e de fa\u00e7on m\u00fbrie et pragmatique.<\/p>\n<p>Outre les questions de d\u00e9fense et de s\u00e9curit\u00e9, la d\u00e9l\u00e9gation guin\u00e9enne a aussi \u00e9t\u00e9 invit\u00e9e \u00e0 faire l\u2019\u00e9tat des lieux du processus de refondation en cours. Un exercice dont s\u2019est acquitt\u00e9 avec humilit\u00e9 le Ministre Secr\u00e9taire G\u00e9n\u00e9ral de la Pr\u00e9sidence au cours d\u2019une audience avec le Dr. Jochen Flasbarth, Secr\u00e9taire d\u2019\u00c9tat au Minist\u00e8re allemand de la Coop\u00e9ration.<\/p>\n<p>&nbsp;<\/p>\n<p>La Guin\u00e9e est dans une dynamique positive et 2025 est une ann\u00e9e \u00e9lectorale. Des progr\u00e8s salu\u00e9s par la partie allemande qui a \u00e9galement montr\u00e9 un int\u00e9r\u00eat particulier pour le Programme Simandou 2040. L\u2019Allemagne, premi\u00e8re puissance \u00e9conomique d\u2019Europe, salue la vision et le leadership de S.E le G\u00e9n\u00e9ral Mamadi Doumbouya, Pr\u00e9sident de la R\u00e9publique, dans la conduite de ce programme.<\/p>\n<p>&nbsp;<\/p>\n<p>Sur un autre registre, les \u00e9missaires du Chef de l\u2019Etat au sommet de Munich ont \u00e9chang\u00e9 avec une d\u00e9l\u00e9gation de l\u2019OMS (Organisation Mondiale de la Sant\u00e9). Au menu de l\u2019entretien le renforcement des relations entre cette institution et la R\u00e9publique de Guin\u00e9e. Plusieurs secteurs sont cibl\u00e9s notamment l\u2019am\u00e9lioration de la couverture vaccinale.<\/p>\n<p>Cette journ\u00e9e marathon a pris fin par une rencontre avec Monsieur Paul Richard Gallagher, Ministre des Affaires \u00c9trang\u00e8res du Saint-Si\u00e8ge. Le Vatican s\u2019int\u00e9resse \u00e0 la situation politique en Guin\u00e9e. Et l\u2019\u00e9missaire du souverain pontif a eu des explications tr\u00e8s claires sur la conduite de la refondation en R\u00e9publique de Guin\u00e9e.<\/p>\n<p>&nbsp;<\/p>\n<p>DCI-PRG<\/p>\n<\/div>\n","protected":false},"excerpt":{"rendered":"<p>Au sommet de Munich les questions et rencontres sur la s\u00e9curit\u00e9 sont des priorit\u00e9s absolues. La d\u00e9l\u00e9gation guin\u00e9enne conduite par le G\u00e9n\u00e9ral de Division Amara Camara n\u2019a pas d\u00e9rog\u00e9 \u00e0 cette r\u00e8gle. Le samedi 15 f\u00e9vrier 2025, l\u2019\u00e9missaire du Chef de l\u2019\u00c9tat, le Ministre Secr\u00e9taire G\u00e9n\u00e9ral de la Pr\u00e9sidence a d\u2019abord re\u00e7u en audience le [&hellip;]<\/p>\n","protected":false},"author":2,"featured_media":1461,"comment_status":"open","ping_status":"open","sticky":false,"template":"","format":"standard","meta":{"_jetpack_memberships_contains_paid_content":false,"footnotes":"","jetpack_publicize_message":"","jetpack_publicize_feature_enabled":true,"jetpack_social_post_already_shared":false,"jetpack_social_options":{"image_generator_settings":{"template":"highway","default_image_id":0,"font":"","enabled":false},"version":2}},"categories":[24,27],"tags":[360,295],"class_list":{"0":"post-1460","1":"post","2":"type-post","3":"status-publish","4":"format-standard","5":"has-post-thumbnail","7":"category-news","8":"category-politique","9":"tag-cooperation","10":"tag-general-amara-camara"},"jetpack_publicize_connections":[],"jetpack_featured_media_url":"https:\/\/ledenonciateur224.com\/wp-content\/uploads\/2025\/02\/img-20250215-wa0160.jpg","jetpack_sharing_enabled":true,"_links":{"self":[{"href":"https:\/\/ledenonciateur224.com\/index.php\/wp-json\/wp\/v2\/posts\/1460","targetHints":{"allow":["GET"]}}],"collection":[{"href":"https:\/\/ledenonciateur224.com\/index.php\/wp-json\/wp\/v2\/posts"}],"about":[{"href":"https:\/\/ledenonciateur224.com\/index.php\/wp-json\/wp\/v2\/types\/post"}],"author":[{"embeddable":true,"href":"https:\/\/ledenonciateur224.com\/index.php\/wp-json\/wp\/v2\/users\/2"}],"replies":[{"embeddable":true,"href":"https:\/\/ledenonciateur224.com\/index.php\/wp-json\/wp\/v2\/comments?post=1460"}],"version-history":[{"count":0,"href":"https:\/\/ledenonciateur224.com\/index.php\/wp-json\/wp\/v2\/posts\/1460\/revisions"}],"wp:featuredmedia":[{"embeddable":true,"href":"https:\/\/ledenonciateur224.com\/index.php\/wp-json\/wp\/v2\/media\/1461"}],"wp:attachment":[{"href":"https:\/\/ledenonciateur224.com\/index.php\/wp-json\/wp\/v2\/media?parent=1460"}],"wp:term":[{"taxonomy":"category","embeddable":true,"href":"https:\/\/ledenonciateur224.com\/index.php\/wp-json\/wp\/v2\/categories?post=1460"},{"taxonomy":"post_tag","embeddable":true,"href":"https:\/\/ledenonciateur224.com\/index.php\/wp-json\/wp\/v2\/tags?post=1460"}],"curies":[{"name":"wp","href":"https:\/\/api.w.org\/{rel}","templated":true}]}}