{"id":1472,"date":"2025-02-17T18:10:10","date_gmt":"2025-02-17T18:10:10","guid":{"rendered":"https:\/\/ledenonciateur224.com\/?p=1472"},"modified":"2025-02-17T18:10:10","modified_gmt":"2025-02-17T18:10:10","slug":"affaire-bocoum-bazin-les-responsables-des-boutiques-juges-pour-trouble-a-lordre-public-et-violations-des-regles-de-securite","status":"publish","type":"post","link":"https:\/\/ledenonciateur224.com\/index.php\/affaire-bocoum-bazin-les-responsables-des-boutiques-juges-pour-trouble-a-lordre-public-et-violations-des-regles-de-securite\/","title":{"rendered":"Affaire Bocoum Bazin : Les responsables des boutiques jug\u00e9s pour \u00ab trouble \u00e0 l\u2019ordre public \u00bb et violations des r\u00e8gles de s\u00e9curit\u00e9"},"content":{"rendered":"<p>Les responsables des boutiques Bocoum Bazin ont comparu ce lundi 17 f\u00e9vrier devant le Tribunal de Premi\u00e8re Instance de Mafanco, accus\u00e9s de \u00ab trouble \u00e0 l\u2019ordre public \u00bb. Cette audience fait suite \u00e0 une premi\u00e8re audition, o\u00f9 plusieurs questions sur la gestion de la s\u00e9curit\u00e9 lors d\u2019une op\u00e9ration r\u00e9cente ont \u00e9t\u00e9 soulev\u00e9es par le minist\u00e8re public.<\/p>\n<p>Les pr\u00e9venus, \u00e0 savoir Hama Bocoum, Abdoulaye Bocoum, Brahima Bassoum et Boubacar Doukour\u00e9, ont \u00e9t\u00e9 interrog\u00e9s sur leur responsabilit\u00e9 dans le d\u00e9roulement de l\u2019\u00e9v\u00e9nement, notamment concernant le manque de mesures de s\u00e9curit\u00e9. \u00c0 chaque prise de parole, les accus\u00e9s ont rejet\u00e9 les accusations, insistant sur leurs efforts pour garantir la s\u00e9curit\u00e9 des participants, sans toutefois anticiper l\u2019ampleur de l\u2019op\u00e9ration. Le g\u00e9rant des boutiques, Hama Bocoum, a expliqu\u00e9 que des gendarmes avaient \u00e9t\u00e9 appel\u00e9s \u00e0 la rescousse \u00e0 Lambanyi, o\u00f9 plus de 30 membres des forces de l\u2019ordre \u00e9taient pr\u00e9sents d\u00e8s 8 heures du matin.<\/p>\n<p>En plus des accusations de trouble \u00e0 l\u2019ordre public, les responsables ont \u00e9t\u00e9 confront\u00e9s \u00e0 des violations concernant les r\u00e8gles r\u00e9gissant les r\u00e9unions publiques, les cort\u00e8ges et les d\u00e9fil\u00e9s. Selon Hama Bocoum, l\u2019\u00e9v\u00e9nement avait \u00e9t\u00e9 planifi\u00e9 dans un cadre strictement limit\u00e9, sans intention de cr\u00e9er une telle agitation. \u00ab Nous imaginions une simple formation de rangs pour la distribution \u00bb, a-t-il pr\u00e9cis\u00e9 devant le tribunal.<\/p>\n<p>Apr\u00e8s les plaidoiries, le juge a d\u00e9cid\u00e9 de renvoyer l\u2019affaire \u00e0 dans quinze jours pour la suite des d\u00e9bats, laissant ainsi la porte ouverte \u00e0 de nouveaux \u00e9claircissements sur cette affaire complexe.<\/p>\n<p>&nbsp;<\/p>\n<p>&nbsp;<\/p>\n<p>Alpha Soumah<\/p>\n","protected":false},"excerpt":{"rendered":"<p>Les responsables des boutiques Bocoum Bazin ont comparu ce lundi 17 f\u00e9vrier devant le Tribunal de Premi\u00e8re Instance de Mafanco, accus\u00e9s de \u00ab trouble \u00e0 l\u2019ordre public \u00bb. Cette audience fait suite \u00e0 une premi\u00e8re audition, o\u00f9 plusieurs questions sur la gestion de la s\u00e9curit\u00e9 lors d\u2019une op\u00e9ration r\u00e9cente ont \u00e9t\u00e9 soulev\u00e9es par le minist\u00e8re [&hellip;]<\/p>\n","protected":false},"author":2,"featured_media":1474,"comment_status":"open","ping_status":"open","sticky":false,"template":"","format":"standard","meta":{"_jetpack_memberships_contains_paid_content":false,"footnotes":"","jetpack_publicize_message":"","jetpack_publicize_feature_enabled":true,"jetpack_social_post_already_shared":false,"jetpack_social_options":{"image_generator_settings":{"template":"highway","default_image_id":0,"font":"","enabled":false},"version":2}},"categories":[30,24],"tags":[349,35,362,363],"class_list":{"0":"post-1472","1":"post","2":"type-post","3":"status-publish","4":"format-standard","5":"has-post-thumbnail","7":"category-faits-divers","8":"category-news","9":"tag-affaire-bazin","10":"tag-guinee","11":"tag-tpi-de-mafanco","12":"tag-trouble-a-lordre-public"},"jetpack_publicize_connections":[],"jetpack_featured_media_url":"https:\/\/ledenonciateur224.com\/wp-content\/uploads\/2025\/02\/tpi-de-mafanco.jpg","jetpack_sharing_enabled":true,"_links":{"self":[{"href":"https:\/\/ledenonciateur224.com\/index.php\/wp-json\/wp\/v2\/posts\/1472","targetHints":{"allow":["GET"]}}],"collection":[{"href":"https:\/\/ledenonciateur224.com\/index.php\/wp-json\/wp\/v2\/posts"}],"about":[{"href":"https:\/\/ledenonciateur224.com\/index.php\/wp-json\/wp\/v2\/types\/post"}],"author":[{"embeddable":true,"href":"https:\/\/ledenonciateur224.com\/index.php\/wp-json\/wp\/v2\/users\/2"}],"replies":[{"embeddable":true,"href":"https:\/\/ledenonciateur224.com\/index.php\/wp-json\/wp\/v2\/comments?post=1472"}],"version-history":[{"count":0,"href":"https:\/\/ledenonciateur224.com\/index.php\/wp-json\/wp\/v2\/posts\/1472\/revisions"}],"wp:featuredmedia":[{"embeddable":true,"href":"https:\/\/ledenonciateur224.com\/index.php\/wp-json\/wp\/v2\/media\/1474"}],"wp:attachment":[{"href":"https:\/\/ledenonciateur224.com\/index.php\/wp-json\/wp\/v2\/media?parent=1472"}],"wp:term":[{"taxonomy":"category","embeddable":true,"href":"https:\/\/ledenonciateur224.com\/index.php\/wp-json\/wp\/v2\/categories?post=1472"},{"taxonomy":"post_tag","embeddable":true,"href":"https:\/\/ledenonciateur224.com\/index.php\/wp-json\/wp\/v2\/tags?post=1472"}],"curies":[{"name":"wp","href":"https:\/\/api.w.org\/{rel}","templated":true}]}}