{"id":1475,"date":"2025-02-17T18:44:26","date_gmt":"2025-02-17T18:44:26","guid":{"rendered":"https:\/\/ledenonciateur224.com\/?p=1475"},"modified":"2025-02-17T18:44:26","modified_gmt":"2025-02-17T18:44:26","slug":"mohamed-toure-reinvesti-secretaire-general-du-pdg-rda-apres-sa-liberation-le-parti-soutient-mamadi-doumbouya-pour-la-presidentielle","status":"publish","type":"post","link":"https:\/\/ledenonciateur224.com\/index.php\/mohamed-toure-reinvesti-secretaire-general-du-pdg-rda-apres-sa-liberation-le-parti-soutient-mamadi-doumbouya-pour-la-presidentielle\/","title":{"rendered":"Mohamed Tour\u00e9 r\u00e9investi Secr\u00e9taire G\u00e9n\u00e9ral du PDG-RDA apr\u00e8s sa lib\u00e9ration, le parti soutient Mamadi Doumbouya pour la pr\u00e9sidentielle"},"content":{"rendered":"<p>Apr\u00e8s sept ann\u00e9es de d\u00e9tention aux \u00c9tats-Unis, Mohamed Tour\u00e9, fils du d\u00e9funt Ahmed S\u00e9kou Tour\u00e9, a retrouv\u00e9 ses fonctions au sein du PDG-RDA. Lors d&rsquo;une assembl\u00e9e g\u00e9n\u00e9rale extraordinaire tenue le 17 f\u00e9vrier 2025 \u00e0 Dixinn, il a \u00e9t\u00e9 r\u00e9investi Secr\u00e9taire G\u00e9n\u00e9ral du parti. Ce retour a \u00e9t\u00e9 marqu\u00e9 par une \u00e9motion palpable parmi les militants et responsables du PDG-RDA, qui ont salu\u00e9 sa lib\u00e9ration et exprim\u00e9 leur soutien \u00e0 sa reprise de fonction.<\/p>\n<p>La passation de pouvoir s&rsquo;est effectu\u00e9e en pr\u00e9sence de plusieurs figures du parti, avec une intervention de Manga Mory Bangoura, qui a rappel\u00e9 que Mohamed Tour\u00e9 \u00e9tait l&rsquo;\u00e9lu du parti \u00e0 ce poste. L\u2019int\u00e9rim avait \u00e9t\u00e9 assur\u00e9 par Oy\u00e9 Beavogui, qui a men\u00e9 plusieurs actions pour la lib\u00e9ration de Mohamed Tour\u00e9, mais il a \u00e9t\u00e9 \u00e9cart\u00e9 suite \u00e0 des divergences internes.<\/p>\n<p>En plus de ce retour triomphal, une annonce importante a \u00e9t\u00e9 faite : le PDG-RDA a exprim\u00e9 son soutien total au G\u00e9n\u00e9ral Mamadi Doumbouya pour l\u2019\u00e9lection pr\u00e9sidentielle. Le parti a pr\u00e9cis\u00e9 qu\u2019il n\u2019a pas de candidat propre et qu\u2019il soutiendra Doumbouya aussi longtemps qu\u2019il sera en fonction. Cette d\u00e9cision repose sur les actions positives du pr\u00e9sident de la transition, telles que la r\u00e9habilitation de la famille de S\u00e9kou Tour\u00e9, la restitution de ses biens et la d\u00e9nomination de l\u2019a\u00e9roport de Conakry \u00e0 son nom.<\/p>\n<p>Le PDG-RDA, un acteur cl\u00e9 de la sc\u00e8ne politique guin\u00e9enne, affiche ainsi une position claire en faveur du maintien de Doumbouya \u00e0 la t\u00eate du pays.<\/p>\n<p>&nbsp;<\/p>\n<p>Aboubacar Moussa Camara<\/p>\n<p>622 42 41 87<\/p>\n","protected":false},"excerpt":{"rendered":"<p>Apr\u00e8s sept ann\u00e9es de d\u00e9tention aux \u00c9tats-Unis, Mohamed Tour\u00e9, fils du d\u00e9funt Ahmed S\u00e9kou Tour\u00e9, a retrouv\u00e9 ses fonctions au sein du PDG-RDA. Lors d&rsquo;une assembl\u00e9e g\u00e9n\u00e9rale extraordinaire tenue le 17 f\u00e9vrier 2025 \u00e0 Dixinn, il a \u00e9t\u00e9 r\u00e9investi Secr\u00e9taire G\u00e9n\u00e9ral du parti. Ce retour a \u00e9t\u00e9 marqu\u00e9 par une \u00e9motion palpable parmi les militants [&hellip;]<\/p>\n","protected":false},"author":2,"featured_media":1476,"comment_status":"open","ping_status":"open","sticky":false,"template":"","format":"standard","meta":{"_jetpack_memberships_contains_paid_content":false,"footnotes":"","jetpack_publicize_message":"","jetpack_publicize_feature_enabled":true,"jetpack_social_post_already_shared":false,"jetpack_social_options":{"image_generator_settings":{"template":"highway","default_image_id":0,"font":"","enabled":false},"version":2}},"categories":[24,27],"tags":[49,327,326],"class_list":{"0":"post-1475","1":"post","2":"type-post","3":"status-publish","4":"format-standard","5":"has-post-thumbnail","7":"category-news","8":"category-politique","9":"tag-general-mamadi-doumbouya","10":"tag-mohamed-toure","11":"tag-pdg-rda"},"jetpack_publicize_connections":[],"jetpack_featured_media_url":"https:\/\/ledenonciateur224.com\/wp-content\/uploads\/2025\/02\/476450366-1044690397693210-3849248829544346130-n-1.jpg","jetpack_sharing_enabled":true,"_links":{"self":[{"href":"https:\/\/ledenonciateur224.com\/index.php\/wp-json\/wp\/v2\/posts\/1475","targetHints":{"allow":["GET"]}}],"collection":[{"href":"https:\/\/ledenonciateur224.com\/index.php\/wp-json\/wp\/v2\/posts"}],"about":[{"href":"https:\/\/ledenonciateur224.com\/index.php\/wp-json\/wp\/v2\/types\/post"}],"author":[{"embeddable":true,"href":"https:\/\/ledenonciateur224.com\/index.php\/wp-json\/wp\/v2\/users\/2"}],"replies":[{"embeddable":true,"href":"https:\/\/ledenonciateur224.com\/index.php\/wp-json\/wp\/v2\/comments?post=1475"}],"version-history":[{"count":0,"href":"https:\/\/ledenonciateur224.com\/index.php\/wp-json\/wp\/v2\/posts\/1475\/revisions"}],"wp:featuredmedia":[{"embeddable":true,"href":"https:\/\/ledenonciateur224.com\/index.php\/wp-json\/wp\/v2\/media\/1476"}],"wp:attachment":[{"href":"https:\/\/ledenonciateur224.com\/index.php\/wp-json\/wp\/v2\/media?parent=1475"}],"wp:term":[{"taxonomy":"category","embeddable":true,"href":"https:\/\/ledenonciateur224.com\/index.php\/wp-json\/wp\/v2\/categories?post=1475"},{"taxonomy":"post_tag","embeddable":true,"href":"https:\/\/ledenonciateur224.com\/index.php\/wp-json\/wp\/v2\/tags?post=1475"}],"curies":[{"name":"wp","href":"https:\/\/api.w.org\/{rel}","templated":true}]}}