{"id":1495,"date":"2025-02-18T12:14:03","date_gmt":"2025-02-18T12:14:03","guid":{"rendered":"https:\/\/ledenonciateur224.com\/?p=1495"},"modified":"2025-02-18T12:14:03","modified_gmt":"2025-02-18T12:14:03","slug":"subvention-de-trois-milliards-gnf-la-reponse-damadou-diallo-aux-accusations-et-clarifications-sur-lusage-des-fonds","status":"publish","type":"post","link":"https:\/\/ledenonciateur224.com\/index.php\/subvention-de-trois-milliards-gnf-la-reponse-damadou-diallo-aux-accusations-et-clarifications-sur-lusage-des-fonds\/","title":{"rendered":"Subvention de trois milliards GNF : La r\u00e9ponse d&rsquo;Amadou Diallo aux accusations et clarifications sur l&rsquo;usage des fonds"},"content":{"rendered":"<p>Dans un entretien exclusif accord\u00e9 \u00e0 Mosaqueguin\u00e9e.com, Elhadj Ahmadou Diallo, secr\u00e9taire g\u00e9n\u00e9ral de la Conf\u00e9d\u00e9ration Nationale des Travailleurs de Guin\u00e9e (CNTG), est revenu sur les r\u00e9centes d\u00e9clarations du ministre du Travail, Fran\u00e7ois Bourouno. Ce dernier avait annonc\u00e9 une subvention de trois milliards GNF pour soutenir le mouvement syndical guin\u00e9en en 2024. Une annonce qui a suscit\u00e9 de vives r\u00e9actions, notamment au sein de certaines structures syndicales pr\u00e9occup\u00e9es par la r\u00e9partition et l&rsquo;utilisation de cette somme. Face \u00e0 ces pol\u00e9miques, Amadou Diallo a pris la parole pour apporter des \u00e9claircissements et dissiper les malentendus.<\/p>\n<p>\u00ab \u00c0 ce jour, le mouvement syndical n\u2019a re\u00e7u que deux milliards de francs guin\u00e9ens, et le gouvernement nous doit encore pr\u00e8s de 14 milliards GNF \u00bb, a r\u00e9v\u00e9l\u00e9 Elhadj Ahmadou Diallo, lors d\u2019une rencontre avec la presse ce lundi. Il a r\u00e9affirm\u00e9 que cette subvention annuelle est destin\u00e9e \u00e0 assurer le bon fonctionnement des organisations syndicales, y compris le financement de leurs activit\u00e9s courantes.<\/p>\n<p>Il a \u00e9galement indiqu\u00e9 avoir \u00e9t\u00e9 inform\u00e9 que le ministre Fran\u00e7ois Bourouno comptait faire une nouvelle communication afin de clarifier l\u2019exactitude du montant de la subvention allou\u00e9e.<\/p>\n<p>Concernant la r\u00e9partition des fonds, le coordinateur g\u00e9n\u00e9ral du mouvement syndical a apport\u00e9 des pr\u00e9cisions importantes. Selon lui, la distribution se base sur un protocole d\u2019accord sign\u00e9 entre le gouvernement et les deux principales conf\u00e9d\u00e9rations syndicales du pays, la CNTG et l\u2019USTG. En vertu de ce protocole, la r\u00e9partition se fait proportionnellement \u00e0 la repr\u00e9sentativit\u00e9 des centrales syndicales, telle qu\u2019\u00e9tablie par la derni\u00e8re \u00e9valuation. Ainsi, la CNTG, la centrale la plus repr\u00e9sentative avec pr\u00e8s de 20 structures affili\u00e9es, re\u00e7oit 70,89% de la subvention, tandis que l\u2019USTG se voit attribuer 24,29%. Le reste des fonds est r\u00e9parti entre les autres centrales moins repr\u00e9sentatives.<\/p>\n<p>Une fois la subvention mise \u00e0 disposition, les fonds sont allou\u00e9s au fonctionnement des centrales syndicales, \u00e0 l&rsquo;entretien des locaux, au r\u00e8glement des cotisations internationales, \u00e0 la formation des syndiqu\u00e9s, ainsi qu&rsquo;aux missions et festivit\u00e9s. Une part de ces fonds est \u00e9galement destin\u00e9e \u00e0 la prise en charge du personnel.<\/p>\n<p>Quant \u00e0 la demande de certains jeunes syndicalistes concernant une redistribution de ces fonds vers les f\u00e9d\u00e9rations, Diallo a rappel\u00e9 que cela \u00ab rel\u00e8ve de la d\u00e9cision des centrales \u00bb et qu&rsquo;il ne s&rsquo;agit pas d&rsquo;une obligation. Toutefois, il a pr\u00e9cis\u00e9 que chaque centrale a la libert\u00e9 de soutenir ses structures affili\u00e9es en fonction de ses priorit\u00e9s.<\/p>\n<p>Tout au long de l&rsquo;entretien, plusieurs leaders syndicaux pr\u00e9sents ont t\u00e9moign\u00e9 de la transparence de la gestion de la CNTG sous la direction d\u2019Amadou Diallo et ont salu\u00e9 ses efforts constants pour le d\u00e9veloppement et le rayonnement du mouvement syndical en Guin\u00e9e.<\/p>\n<p>&nbsp;<\/p>\n<p>Ledenonciateur224.com<\/p>\n","protected":false},"excerpt":{"rendered":"<p>Dans un entretien exclusif accord\u00e9 \u00e0 Mosaqueguin\u00e9e.com, Elhadj Ahmadou Diallo, secr\u00e9taire g\u00e9n\u00e9ral de la Conf\u00e9d\u00e9ration Nationale des Travailleurs de Guin\u00e9e (CNTG), est revenu sur les r\u00e9centes d\u00e9clarations du ministre du Travail, Fran\u00e7ois Bourouno. Ce dernier avait annonc\u00e9 une subvention de trois milliards GNF pour soutenir le mouvement syndical guin\u00e9en en 2024. Une annonce qui a [&hellip;]<\/p>\n","protected":false},"author":2,"featured_media":1496,"comment_status":"open","ping_status":"open","sticky":false,"template":"","format":"standard","meta":{"_jetpack_memberships_contains_paid_content":false,"footnotes":"","jetpack_publicize_message":"","jetpack_publicize_feature_enabled":true,"jetpack_social_post_already_shared":false,"jetpack_social_options":{"image_generator_settings":{"template":"highway","default_image_id":0,"font":"","enabled":false},"version":2}},"categories":[30,24],"tags":[365,366,367],"class_list":{"0":"post-1495","1":"post","2":"type-post","3":"status-publish","4":"format-standard","5":"has-post-thumbnail","7":"category-faits-divers","8":"category-news","9":"tag-mouvement-syndical","10":"tag-secretaire-general-amadou-diallo","11":"tag-subvention"},"jetpack_publicize_connections":[],"jetpack_featured_media_url":"https:\/\/ledenonciateur224.com\/wp-content\/uploads\/2025\/02\/img-20240222-154952-700-x-380-pixel-1-jpg.jpeg","jetpack_sharing_enabled":true,"_links":{"self":[{"href":"https:\/\/ledenonciateur224.com\/index.php\/wp-json\/wp\/v2\/posts\/1495","targetHints":{"allow":["GET"]}}],"collection":[{"href":"https:\/\/ledenonciateur224.com\/index.php\/wp-json\/wp\/v2\/posts"}],"about":[{"href":"https:\/\/ledenonciateur224.com\/index.php\/wp-json\/wp\/v2\/types\/post"}],"author":[{"embeddable":true,"href":"https:\/\/ledenonciateur224.com\/index.php\/wp-json\/wp\/v2\/users\/2"}],"replies":[{"embeddable":true,"href":"https:\/\/ledenonciateur224.com\/index.php\/wp-json\/wp\/v2\/comments?post=1495"}],"version-history":[{"count":0,"href":"https:\/\/ledenonciateur224.com\/index.php\/wp-json\/wp\/v2\/posts\/1495\/revisions"}],"wp:featuredmedia":[{"embeddable":true,"href":"https:\/\/ledenonciateur224.com\/index.php\/wp-json\/wp\/v2\/media\/1496"}],"wp:attachment":[{"href":"https:\/\/ledenonciateur224.com\/index.php\/wp-json\/wp\/v2\/media?parent=1495"}],"wp:term":[{"taxonomy":"category","embeddable":true,"href":"https:\/\/ledenonciateur224.com\/index.php\/wp-json\/wp\/v2\/categories?post=1495"},{"taxonomy":"post_tag","embeddable":true,"href":"https:\/\/ledenonciateur224.com\/index.php\/wp-json\/wp\/v2\/tags?post=1495"}],"curies":[{"name":"wp","href":"https:\/\/api.w.org\/{rel}","templated":true}]}}