{"id":1510,"date":"2025-02-19T07:14:48","date_gmt":"2025-02-19T07:14:48","guid":{"rendered":"https:\/\/ledenonciateur224.com\/?p=1510"},"modified":"2025-02-19T07:14:48","modified_gmt":"2025-02-19T07:14:48","slug":"guinee-abdoul-sacko-figure-de-la-societe-civile-arrete-dans-des-circonstances-floues","status":"publish","type":"post","link":"https:\/\/ledenonciateur224.com\/index.php\/guinee-abdoul-sacko-figure-de-la-societe-civile-arrete-dans-des-circonstances-floues\/","title":{"rendered":"Guin\u00e9e : Abdoul Sacko, figure de la soci\u00e9t\u00e9 civile, arr\u00eat\u00e9 dans des circonstances floues"},"content":{"rendered":"<p>Abdoul Sacko, une figure embl\u00e9matique de la soci\u00e9t\u00e9 civile guin\u00e9enne, aurait \u00e9t\u00e9 interpell\u00e9 ce mercredi 19 f\u00e9vrier 2025, peu avant l\u2019aube, \u00e0 son domicile, selon le site\u00a0<em>Africaguinee.com<\/em>.<\/p>\n<p>Le leader du Forum des Forces Sociales, une organisation de la soci\u00e9t\u00e9 civile influente et membre des Forces Vives de Guin\u00e9e, aurait \u00e9t\u00e9 arr\u00eat\u00e9 par des hommes non identifi\u00e9s chez lui \u00e0 Kiroty, dans la commune de Lambanyi, en banlieue de Conakry.<\/p>\n<p>Les t\u00e9moins rapportent qu&rsquo;un groupe d\u2019individus \u00e0 bord de trois v\u00e9hicules, sans uniforme militaire mais au visage masqu\u00e9, se sont rendus dans le quartier. Ils ont d&rsquo;abord p\u00e9n\u00e9tr\u00e9 dans une maison voisine de celle de Sacko. L\u00e0, ils ont ligot\u00e9 certains occupants tout en leur posant des questions sur sa localisation, leur montrant une photo de l\u2019activiste. Selon les informations recueillies, ils semblaient \u00eatre en communication t\u00e9l\u00e9phonique avec une personne qui les guidait.<\/p>\n<p>Une source a pr\u00e9cis\u00e9 : \u00ab On a entendu un homme \u00e0 l&rsquo;autre bout du fil indiquer qu&rsquo;ils devaient se rendre \u00e0 la maison voisine, celle derri\u00e8re la premi\u00e8re. Il a m\u00eame mentionn\u00e9 qu&rsquo;il y avait des chaises sur la terrasse. \u00bb Apr\u00e8s avoir localis\u00e9 la maison de Sacko, les hommes ont frapp\u00e9 \u00e0 la porte, mais n&rsquo;ont pas pu y acc\u00e9der. Ils ont finalement forc\u00e9 l&rsquo;entr\u00e9e par le plafond. Abdoul Sacko a \u00e9t\u00e9 emmen\u00e9 avec ses t\u00e9l\u00e9phones, mais aucune autre personne n\u2019a \u00e9t\u00e9 inqui\u00e9t\u00e9e.<\/p>\n<p>Abdoul Sacko est connu pour ses prises de position critiques \u00e0 l\u2019encontre du r\u00e9gime en place, notamment concernant la gestion de la transition en cours en Guin\u00e9e. Interrog\u00e9 par\u00a0<em>Africaguinee.com<\/em>, son avocat a affirm\u00e9 ne pas avoir \u00e9t\u00e9 inform\u00e9 de son arrestation. Depuis l&rsquo;incident, le t\u00e9l\u00e9phone de l\u2019activiste \u00ab sonne \u00bb sans qu\u2019aucune r\u00e9ponse ne soit donn\u00e9e.<\/p>\n","protected":false},"excerpt":{"rendered":"<p>Abdoul Sacko, une figure embl\u00e9matique de la soci\u00e9t\u00e9 civile guin\u00e9enne, aurait \u00e9t\u00e9 interpell\u00e9 ce mercredi 19 f\u00e9vrier 2025, peu avant l\u2019aube, \u00e0 son domicile, selon le site\u00a0Africaguinee.com. Le leader du Forum des Forces Sociales, une organisation de la soci\u00e9t\u00e9 civile influente et membre des Forces Vives de Guin\u00e9e, aurait \u00e9t\u00e9 arr\u00eat\u00e9 par des hommes non [&hellip;]<\/p>\n","protected":false},"author":2,"featured_media":1511,"comment_status":"open","ping_status":"open","sticky":false,"template":"","format":"standard","meta":{"_jetpack_memberships_contains_paid_content":false,"footnotes":"","jetpack_publicize_message":"","jetpack_publicize_feature_enabled":true,"jetpack_social_post_already_shared":false,"jetpack_social_options":{"image_generator_settings":{"template":"highway","default_image_id":0,"font":"","enabled":false},"version":2}},"categories":[30,24],"tags":[95,370],"class_list":{"0":"post-1510","1":"post","2":"type-post","3":"status-publish","4":"format-standard","5":"has-post-thumbnail","7":"category-faits-divers","8":"category-news","9":"tag-arrestation","10":"tag-des-activistes"},"jetpack_publicize_connections":[],"jetpack_featured_media_url":"https:\/\/ledenonciateur224.com\/wp-content\/uploads\/2025\/02\/abdoul-sackoedf.jpeg","jetpack_sharing_enabled":true,"_links":{"self":[{"href":"https:\/\/ledenonciateur224.com\/index.php\/wp-json\/wp\/v2\/posts\/1510","targetHints":{"allow":["GET"]}}],"collection":[{"href":"https:\/\/ledenonciateur224.com\/index.php\/wp-json\/wp\/v2\/posts"}],"about":[{"href":"https:\/\/ledenonciateur224.com\/index.php\/wp-json\/wp\/v2\/types\/post"}],"author":[{"embeddable":true,"href":"https:\/\/ledenonciateur224.com\/index.php\/wp-json\/wp\/v2\/users\/2"}],"replies":[{"embeddable":true,"href":"https:\/\/ledenonciateur224.com\/index.php\/wp-json\/wp\/v2\/comments?post=1510"}],"version-history":[{"count":0,"href":"https:\/\/ledenonciateur224.com\/index.php\/wp-json\/wp\/v2\/posts\/1510\/revisions"}],"wp:featuredmedia":[{"embeddable":true,"href":"https:\/\/ledenonciateur224.com\/index.php\/wp-json\/wp\/v2\/media\/1511"}],"wp:attachment":[{"href":"https:\/\/ledenonciateur224.com\/index.php\/wp-json\/wp\/v2\/media?parent=1510"}],"wp:term":[{"taxonomy":"category","embeddable":true,"href":"https:\/\/ledenonciateur224.com\/index.php\/wp-json\/wp\/v2\/categories?post=1510"},{"taxonomy":"post_tag","embeddable":true,"href":"https:\/\/ledenonciateur224.com\/index.php\/wp-json\/wp\/v2\/tags?post=1510"}],"curies":[{"name":"wp","href":"https:\/\/api.w.org\/{rel}","templated":true}]}}