{"id":1525,"date":"2025-02-20T06:33:19","date_gmt":"2025-02-20T06:33:19","guid":{"rendered":"https:\/\/ledenonciateur224.com\/?p=1525"},"modified":"2025-02-20T06:33:19","modified_gmt":"2025-02-20T06:33:19","slug":"alpha-conde-exprime-sa-vive-deception-suite-au-kidnapping-dabdoul-sacko","status":"publish","type":"post","link":"https:\/\/ledenonciateur224.com\/index.php\/alpha-conde-exprime-sa-vive-deception-suite-au-kidnapping-dabdoul-sacko\/","title":{"rendered":"Alpha Cond\u00e9 exprime sa vive d\u00e9ception suite au kidnapping d\u2019Abdoul Sacko"},"content":{"rendered":"<p>L\u2019arrestation arbitraire d\u2019Abdoul Sacko, Coordinateur du Forum des Forces Sociales de Guin\u00e9e (FFSG), dans la nuit du 18 au 19 f\u00e9vrier 2025, par des hommes cagoul\u00e9s \u00e0 son domicile, est un \u00e9ni\u00e8me acte inacceptable qui s\u2019inscrit dans une s\u00e9rie de violations syst\u00e9matiques des libert\u00e9s fondamentales par la junte au pouvoir. Ces individus, l\u2019ont emmen\u00e9 vers une destination inconnue.<\/p>\n<p>Aucune explication officielle n\u2019a \u00e9t\u00e9 fournie par les autorit\u00e9s, et son lieu de d\u00e9tention reste inconnu \u00e0 ce jour.<\/p>\n<p>L\u2019arrestation d\u2019Abdoul Sacko n\u2019est malheureusement qu\u2019un exemple parmi d\u2019autres des violations syst\u00e9matiques commises par la junte guin\u00e9enne et la mise place d\u2019un climat g\u00e9n\u00e9ralis\u00e9 de violations des droits humains. Cet acte s\u2019inscrit dans un contexte de r\u00e9pression accrue contre les acteurs de la soci\u00e9t\u00e9 civile et les d\u00e9fenseurs des droits humains, visant \u00e0 \u00e9touffer toute voix dissidente.<\/p>\n<p>Face \u00e0 cette situation intol\u00e9rable, je condamne ce nouvel acte et exige :<br \/>\nLa lib\u00e9ration imm\u00e9diate et sans condition d\u2019Abdoul Sacko, ainsi que de tous les d\u00e9tenus politiques et militants des droits humains arbitrairement arr\u00eat\u00e9s.<\/p>\n<p>Les arrestations arbitraires, les enl\u00e8vements, les intimidations contre les acteurs de la soci\u00e9t\u00e9 civile et les violations des droits humains doivent cesser.<\/p>\n<p>L\u2019ouverture d\u2019enqu\u00eates ind\u00e9pendantes sur les violations des droits humains, y compris les ex\u00e9cutions extrajudiciaires et les actes de torture, afin de traduire les responsables en justice.<br \/>\nL\u2019arrestation d\u2019Abdoul Sacko et les violations syst\u00e9matiques des droits humains en Guin\u00e9e ne peuvent rester impunies.<\/p>\n<p>Nous exigeons des actions concr\u00e8tes pour mettre fin \u00e0 cette spirale de violence et d\u2019arbitraire. La Guin\u00e9e m\u00e9rite un avenir o\u00f9 la d\u00e9mocratie, la justice et les libert\u00e9s fondamentales sont respect\u00e9es.<\/p>\n<p>Nous resterons mobilis\u00e9s jusqu\u2019au retour de l\u2019ordre constitutionnel bafou\u00e9 le 5 septembre 2021.<\/p>\n<p>Professeur Alpha Cond\u00e9<br \/>\nPr\u00e9sident de la R\u00e9publique<\/p>\n","protected":false},"excerpt":{"rendered":"<p>L\u2019arrestation arbitraire d\u2019Abdoul Sacko, Coordinateur du Forum des Forces Sociales de Guin\u00e9e (FFSG), dans la nuit du 18 au 19 f\u00e9vrier 2025, par des hommes cagoul\u00e9s \u00e0 son domicile, est un \u00e9ni\u00e8me acte inacceptable qui s\u2019inscrit dans une s\u00e9rie de violations syst\u00e9matiques des libert\u00e9s fondamentales par la junte au pouvoir. Ces individus, l\u2019ont emmen\u00e9 vers [&hellip;]<\/p>\n","protected":false},"author":2,"featured_media":675,"comment_status":"open","ping_status":"open","sticky":false,"template":"","format":"standard","meta":{"_jetpack_memberships_contains_paid_content":false,"footnotes":"","jetpack_publicize_message":"","jetpack_publicize_feature_enabled":true,"jetpack_social_post_already_shared":false,"jetpack_social_options":{"image_generator_settings":{"template":"highway","default_image_id":0,"font":"","enabled":false},"version":2}},"categories":[30,24,27],"tags":[374,69,377],"class_list":{"0":"post-1525","1":"post","2":"type-post","3":"status-publish","4":"format-standard","5":"has-post-thumbnail","7":"category-faits-divers","8":"category-news","9":"category-politique","10":"tag-abdoul-sacko","11":"tag-alpha-conde","12":"tag-kidnapping"},"jetpack_publicize_connections":[],"jetpack_featured_media_url":"https:\/\/ledenonciateur224.com\/wp-content\/uploads\/2024\/12\/jad20240913-ass-guinee-alpha-conde.jpg","jetpack_sharing_enabled":true,"_links":{"self":[{"href":"https:\/\/ledenonciateur224.com\/index.php\/wp-json\/wp\/v2\/posts\/1525","targetHints":{"allow":["GET"]}}],"collection":[{"href":"https:\/\/ledenonciateur224.com\/index.php\/wp-json\/wp\/v2\/posts"}],"about":[{"href":"https:\/\/ledenonciateur224.com\/index.php\/wp-json\/wp\/v2\/types\/post"}],"author":[{"embeddable":true,"href":"https:\/\/ledenonciateur224.com\/index.php\/wp-json\/wp\/v2\/users\/2"}],"replies":[{"embeddable":true,"href":"https:\/\/ledenonciateur224.com\/index.php\/wp-json\/wp\/v2\/comments?post=1525"}],"version-history":[{"count":0,"href":"https:\/\/ledenonciateur224.com\/index.php\/wp-json\/wp\/v2\/posts\/1525\/revisions"}],"wp:featuredmedia":[{"embeddable":true,"href":"https:\/\/ledenonciateur224.com\/index.php\/wp-json\/wp\/v2\/media\/675"}],"wp:attachment":[{"href":"https:\/\/ledenonciateur224.com\/index.php\/wp-json\/wp\/v2\/media?parent=1525"}],"wp:term":[{"taxonomy":"category","embeddable":true,"href":"https:\/\/ledenonciateur224.com\/index.php\/wp-json\/wp\/v2\/categories?post=1525"},{"taxonomy":"post_tag","embeddable":true,"href":"https:\/\/ledenonciateur224.com\/index.php\/wp-json\/wp\/v2\/tags?post=1525"}],"curies":[{"name":"wp","href":"https:\/\/api.w.org\/{rel}","templated":true}]}}