{"id":1536,"date":"2025-02-21T09:15:55","date_gmt":"2025-02-21T09:15:55","guid":{"rendered":"https:\/\/ledenonciateur224.com\/?p=1536"},"modified":"2025-02-21T09:15:55","modified_gmt":"2025-02-21T09:15:55","slug":"ramadan-2025-karamo-diawara-appelle-les-fideles-a-signaler-lobservation-de-la-lune-pour-marquer-le-debut-du-mois-sacre","status":"publish","type":"post","link":"https:\/\/ledenonciateur224.com\/index.php\/ramadan-2025-karamo-diawara-appelle-les-fideles-a-signaler-lobservation-de-la-lune-pour-marquer-le-debut-du-mois-sacre\/","title":{"rendered":"Ramadan 2025 : Karamo Diawara appelle les fid\u00e8les \u00e0 signaler l&rsquo;observation de la lune pour marquer le d\u00e9but du mois sacr\u00e9"},"content":{"rendered":"<p>Le ministre et secr\u00e9taire g\u00e9n\u00e9ral des Affaires religieuses, Karamo Diawara, lance un appel aux musulmans du pays, les invitant \u00e0 signaler aux autorit\u00e9s religieuses locales toute observation de la lune marquant le d\u00e9but du mois sacr\u00e9 du Ramadan 2025. Il souligne l&rsquo;importance de cette d\u00e9marche afin d&rsquo;assurer le respect des traditions religieuses et de la pr\u00e9cision du calendrier. Ci-dessous, vous trouverez la liste des chefs religieux \u00e0 contacter pour toute information relative \u00e0 cette observation.<\/p>\n<p><img loading=\"lazy\" decoding=\"async\" class=\"alignnone size-full wp-image-1537\" src=\"https:\/\/ledenonciateur224.com\/wp-content\/uploads\/2025\/02\/img-20250221-wa0125.jpg\" alt=\"\" width=\"1080\" height=\"720\" srcset=\"https:\/\/ledenonciateur224.com\/wp-content\/uploads\/2025\/02\/img-20250221-wa0125.jpg 1080w, https:\/\/ledenonciateur224.com\/wp-content\/uploads\/2025\/02\/img-20250221-wa0125-300x200.jpg 300w, https:\/\/ledenonciateur224.com\/wp-content\/uploads\/2025\/02\/img-20250221-wa0125-1024x683.jpg 1024w, https:\/\/ledenonciateur224.com\/wp-content\/uploads\/2025\/02\/img-20250221-wa0125-768x512.jpg 768w, https:\/\/ledenonciateur224.com\/wp-content\/uploads\/2025\/02\/img-20250221-wa0125-150x100.jpg 150w, https:\/\/ledenonciateur224.com\/wp-content\/uploads\/2025\/02\/img-20250221-wa0125-696x464.jpg 696w, https:\/\/ledenonciateur224.com\/wp-content\/uploads\/2025\/02\/img-20250221-wa0125-1068x712.jpg 1068w, https:\/\/ledenonciateur224.com\/wp-content\/uploads\/2025\/02\/img-20250221-wa0125-630x420.jpg 630w\" sizes=\"auto, (max-width: 1080px) 100vw, 1080px\" \/><\/p>\n<p><img loading=\"lazy\" decoding=\"async\" class=\"alignnone size-full wp-image-1538\" src=\"https:\/\/ledenonciateur224.com\/wp-content\/uploads\/2025\/02\/img-20250221-wa0126.jpg\" alt=\"\" width=\"1080\" height=\"716\" srcset=\"https:\/\/ledenonciateur224.com\/wp-content\/uploads\/2025\/02\/img-20250221-wa0126.jpg 1080w, https:\/\/ledenonciateur224.com\/wp-content\/uploads\/2025\/02\/img-20250221-wa0126-300x199.jpg 300w, https:\/\/ledenonciateur224.com\/wp-content\/uploads\/2025\/02\/img-20250221-wa0126-1024x679.jpg 1024w, https:\/\/ledenonciateur224.com\/wp-content\/uploads\/2025\/02\/img-20250221-wa0126-768x509.jpg 768w, https:\/\/ledenonciateur224.com\/wp-content\/uploads\/2025\/02\/img-20250221-wa0126-150x99.jpg 150w, https:\/\/ledenonciateur224.com\/wp-content\/uploads\/2025\/02\/img-20250221-wa0126-696x461.jpg 696w, https:\/\/ledenonciateur224.com\/wp-content\/uploads\/2025\/02\/img-20250221-wa0126-1068x708.jpg 1068w, https:\/\/ledenonciateur224.com\/wp-content\/uploads\/2025\/02\/img-20250221-wa0126-634x420.jpg 634w\" sizes=\"auto, (max-width: 1080px) 100vw, 1080px\" \/><\/p>\n<p><img loading=\"lazy\" decoding=\"async\" class=\"alignnone size-full wp-image-1539\" src=\"https:\/\/ledenonciateur224.com\/wp-content\/uploads\/2025\/02\/img-20250221-wa0127.jpg\" alt=\"\" width=\"1080\" height=\"740\" srcset=\"https:\/\/ledenonciateur224.com\/wp-content\/uploads\/2025\/02\/img-20250221-wa0127.jpg 1080w, https:\/\/ledenonciateur224.com\/wp-content\/uploads\/2025\/02\/img-20250221-wa0127-300x206.jpg 300w, https:\/\/ledenonciateur224.com\/wp-content\/uploads\/2025\/02\/img-20250221-wa0127-1024x702.jpg 1024w, https:\/\/ledenonciateur224.com\/wp-content\/uploads\/2025\/02\/img-20250221-wa0127-768x526.jpg 768w, https:\/\/ledenonciateur224.com\/wp-content\/uploads\/2025\/02\/img-20250221-wa0127-150x103.jpg 150w, https:\/\/ledenonciateur224.com\/wp-content\/uploads\/2025\/02\/img-20250221-wa0127-218x150.jpg 218w, https:\/\/ledenonciateur224.com\/wp-content\/uploads\/2025\/02\/img-20250221-wa0127-696x477.jpg 696w, https:\/\/ledenonciateur224.com\/wp-content\/uploads\/2025\/02\/img-20250221-wa0127-1068x732.jpg 1068w, https:\/\/ledenonciateur224.com\/wp-content\/uploads\/2025\/02\/img-20250221-wa0127-613x420.jpg 613w, https:\/\/ledenonciateur224.com\/wp-content\/uploads\/2025\/02\/img-20250221-wa0127-100x70.jpg 100w\" sizes=\"auto, (max-width: 1080px) 100vw, 1080px\" \/><\/p>\n<p>&nbsp;<\/p>\n","protected":false},"excerpt":{"rendered":"<p>Le ministre et secr\u00e9taire g\u00e9n\u00e9ral des Affaires religieuses, Karamo Diawara, lance un appel aux musulmans du pays, les invitant \u00e0 signaler aux autorit\u00e9s religieuses locales toute observation de la lune marquant le d\u00e9but du mois sacr\u00e9 du Ramadan 2025. Il souligne l&rsquo;importance de cette d\u00e9marche afin d&rsquo;assurer le respect des traditions religieuses et de la [&hellip;]<\/p>\n","protected":false},"author":2,"featured_media":1540,"comment_status":"open","ping_status":"open","sticky":false,"template":"","format":"standard","meta":{"_jetpack_memberships_contains_paid_content":false,"footnotes":"","jetpack_publicize_message":"","jetpack_publicize_feature_enabled":true,"jetpack_social_post_already_shared":false,"jetpack_social_options":{"image_generator_settings":{"template":"highway","default_image_id":0,"font":"","enabled":false},"version":2}},"categories":[30,24],"tags":[379,380],"class_list":{"0":"post-1536","1":"post","2":"type-post","3":"status-publish","4":"format-standard","5":"has-post-thumbnail","7":"category-faits-divers","8":"category-news","9":"tag-affaire-religieuse","10":"tag-ramadan-2025"},"jetpack_publicize_connections":[],"jetpack_featured_media_url":"https:\/\/ledenonciateur224.com\/wp-content\/uploads\/2025\/02\/img-20250221-wa0123.jpg","jetpack_sharing_enabled":true,"_links":{"self":[{"href":"https:\/\/ledenonciateur224.com\/index.php\/wp-json\/wp\/v2\/posts\/1536","targetHints":{"allow":["GET"]}}],"collection":[{"href":"https:\/\/ledenonciateur224.com\/index.php\/wp-json\/wp\/v2\/posts"}],"about":[{"href":"https:\/\/ledenonciateur224.com\/index.php\/wp-json\/wp\/v2\/types\/post"}],"author":[{"embeddable":true,"href":"https:\/\/ledenonciateur224.com\/index.php\/wp-json\/wp\/v2\/users\/2"}],"replies":[{"embeddable":true,"href":"https:\/\/ledenonciateur224.com\/index.php\/wp-json\/wp\/v2\/comments?post=1536"}],"version-history":[{"count":0,"href":"https:\/\/ledenonciateur224.com\/index.php\/wp-json\/wp\/v2\/posts\/1536\/revisions"}],"wp:featuredmedia":[{"embeddable":true,"href":"https:\/\/ledenonciateur224.com\/index.php\/wp-json\/wp\/v2\/media\/1540"}],"wp:attachment":[{"href":"https:\/\/ledenonciateur224.com\/index.php\/wp-json\/wp\/v2\/media?parent=1536"}],"wp:term":[{"taxonomy":"category","embeddable":true,"href":"https:\/\/ledenonciateur224.com\/index.php\/wp-json\/wp\/v2\/categories?post=1536"},{"taxonomy":"post_tag","embeddable":true,"href":"https:\/\/ledenonciateur224.com\/index.php\/wp-json\/wp\/v2\/tags?post=1536"}],"curies":[{"name":"wp","href":"https:\/\/api.w.org\/{rel}","templated":true}]}}