{"id":1548,"date":"2025-02-21T16:12:59","date_gmt":"2025-02-21T16:12:59","guid":{"rendered":"https:\/\/ledenonciateur224.com\/?p=1548"},"modified":"2025-02-21T16:31:20","modified_gmt":"2025-02-21T16:31:20","slug":"hub-numerique-de-kankan-un-pilier-de-linnovation-et-du-developpement-en-guinee","status":"publish","type":"post","link":"https:\/\/ledenonciateur224.com\/index.php\/hub-numerique-de-kankan-un-pilier-de-linnovation-et-du-developpement-en-guinee\/","title":{"rendered":"\ud835\udde5\ud835\uddf2\ud835\uddfa\ud835\uddf6\ud835\ude00\ud835\uddf2 \ud835\udde2\ud835\uddf3\ud835\uddf3\ud835\uddf6\ud835\uddf0\ud835\uddf6\ud835\uddf2\ud835\uddf9\ud835\uddf9\ud835\uddf2 \ud835\uddf1\ud835\uddf2\ud835\ude00 \ud835\uddd6\ud835\uddf9\ud835\uddf2\u0301\ud835\ude00 \ud835\uddf1\ud835\ude02 \ud835\udddb\ud835\ude02\ud835\uddef \ud835\udde1\ud835\ude02\ud835\uddfa\ud835\uddf2\u0301\ud835\uddff\ud835\uddf6\ud835\uddfe\ud835\ude02\ud835\uddf2 \ud835\uddf1\ud835\uddf2 \ud835\uddde\ud835\uddee\ud835\uddfb\ud835\uddf8\ud835\uddee\ud835\uddfb"},"content":{"rendered":"<p>Dans le cadre de l\u2019immersion gouvernementale, \ud835\udc25\ud835\udc1e \ud835\udc0c\ud835\udc22\ud835\udc27\ud835\udc22\ud835\udc2c\ud835\udc2d\ud835\udc1e\u0300\ud835\udc2b\ud835\udc1e \ud835\udc1d\ud835\udc1e\ud835\udc2c \ud835\udc0f\ud835\udc28\ud835\udc2c\ud835\udc2d\ud835\udc1e\ud835\udc2c, \ud835\udc13\ud835\udc1e\u0301\ud835\udc25\ud835\udc1e\u0301\ud835\udc1c\ud835\udc28\ud835\udc26\ud835\udc26\ud835\udc2e\ud835\udc27\ud835\udc22\ud835\udc1c\ud835\udc1a\ud835\udc2d\ud835\udc22\ud835\udc28\ud835\udc27\ud835\udc2c \ud835\udc1e\ud835\udc2d \ud835\udc1d\ud835\udc1e \ud835\udc25&rsquo;\ud835\udc04\u0301\ud835\udc1c\ud835\udc28\ud835\udc27\ud835\udc28\ud835\udc26\ud835\udc22\ud835\udc1e \ud835\udc0d\ud835\udc2e\ud835\udc26\ud835\udc1e\u0301\ud835\udc2b\ud835\udc22\ud835\udc2a\ud835\udc2e\ud835\udc1e, \u00e0 travers l\u2019ANSUTEN, a proc\u00e9d\u00e9 ce jeudi 20 f\u00e9vrier 2025 \u00e0 la remise officielle des cl\u00e9s du Hub Num\u00e9rique de Kankan. Cet \u00e9v\u00e9nement s\u2019inscrit dans la continuit\u00e9 des efforts du gouvernement pour la transformation num\u00e9rique du pays, apr\u00e8s la remise des cl\u00e9s du hub de Nz\u00e9r\u00e9kor\u00e9.<\/p>\n<p>L&rsquo;\u00e9v\u00e9nement a eu lieu en pr\u00e9sence du Premier Ministre, \ud835\udc0c. \ud835\udc01\ud835\udc1a\ud835\udc21 \ud835\udc0e\ud835\udc2e\ud835\udc2b\ud835\udc32, de \ud835\udc0c\ud835\udc26\ud835\udc1e \ud835\udc11\ud835\udc28\ud835\udc2c\ud835\udc1e \ud835\udc0f\ud835\udc28\ud835\udc25\ud835\udc1a \ud835\udc0f\ud835\udc2b\ud835\udc22\ud835\udc1c\ud835\udc1e\ud835\udc26\ud835\udc28\ud835\udc2e, Ministre des Postes, des T\u00e9l\u00e9communications et de l\u2019\u00c9conomie Num\u00e9rique, ainsi que d&rsquo;autres membres du gouvernement, notamment le \ud835\udc0c\ud835\udc22\ud835\udc27\ud835\udc22\ud835\udc2c\ud835\udc2d\ud835\udc2b\ud835\udc1e \ud835\udc1d\ud835\udc1e \ud835\udc25\ud835\udc1a \ud835\udc2c\ud835\udc1e\u0301\ud835\udc1c\ud835\udc2e\ud835\udc2b\ud835\udc22\ud835\udc2d\ud835\udc1e\u0301, \ud835\udc25\ud835\udc1e \ud835\udc0c\ud835\udc22\ud835\udc27\ud835\udc22\ud835\udc2c\ud835\udc2d\ud835\udc2b\ud835\udc1e \ud835\udc2c\ud835\udc1e\ud835\udc1c\ud835\udc2b\ud835\udc1e\u0301\ud835\udc2d\ud835\udc1a\ud835\udc22\ud835\udc2b\ud835\udc1e \ud835\udc20\ud835\udc1e\u0301\ud835\udc27\ud835\udc1e\u0301\ud835\udc2b\ud835\udc1a\ud835\udc25 \ud835\udc1d\ud835\udc2e \ud835\udc20\ud835\udc28\ud835\udc2e\ud835\udc2f\ud835\udc1e\ud835\udc2b\ud835\udc27\ud835\udc1e\ud835\udc26\ud835\udc1e\ud835\udc27\ud835\udc2d \ud835\udc1e\ud835\udc2d \ud835\udc25\ud835\udc1a \ud835\udc0c\ud835\udc22\ud835\udc27\ud835\udc22\ud835\udc2c\ud835\udc2d\ud835\udc2b\ud835\udc1e \ud835\udc1d\ud835\udc1e \ud835\udc25\u2019\ud835\udc1e\ud835\udc27\ud835\udc2f\ud835\udc22\ud835\udc2b\ud835\udc28\ud835\udc27\ud835\udc27\ud835\udc1e\ud835\udc26\ud835\udc1e\ud835\udc27\ud835\udc2d. Une visite du hub a ensuite \u00e9t\u00e9 guid\u00e9e par le Directeur G\u00e9n\u00e9ral de l\u2019ANSUTEN et ses \u00e9quipes, permettant ainsi aux autorit\u00e9s pr\u00e9sentes de d\u00e9couvrir les installations et les ressources mises \u00e0 disposition pour favoriser l\u2019innovation, la formation et le d\u00e9veloppement de projets num\u00e9riques.<\/p>\n<p>Ce projet t\u00e9moigne de notre volont\u00e9 de garantir une inclusion num\u00e9rique \u00e0 l\u2019\u00e9chelle nationale et de fournir \u00e0 chaque Guin\u00e9en les outils n\u00e9cessaires pour r\u00e9ussir dans l\u2019\u00e9conomie num\u00e9rique.<\/p>\n<p><a class=\"SZPZpAPDAyijRClaXyBhVTlzKUCxMiFHpwYDY \" href=\"https:\/\/www.linkedin.com\/search\/results\/all\/?keywords=%23guin%C3%A9econnect%C3%A9e&amp;origin=HASH_TAG_FROM_FEED\" data-test-app-aware-link=\"\"><span class=\"visually-hidden\">hashtag<\/span><span aria-hidden=\"true\">#<\/span>Guin\u00e9eConnect\u00e9e<\/a> <a class=\"SZPZpAPDAyijRClaXyBhVTlzKUCxMiFHpwYDY \" href=\"https:\/\/www.linkedin.com\/search\/results\/all\/?keywords=%23transformationnum%C3%A9rique&amp;origin=HASH_TAG_FROM_FEED\" data-test-app-aware-link=\"\"><span class=\"visually-hidden\">hashtag<\/span><span aria-hidden=\"true\">#<\/span>TransformationNum\u00e9rique<\/a> <a class=\"SZPZpAPDAyijRClaXyBhVTlzKUCxMiFHpwYDY \" href=\"https:\/\/www.linkedin.com\/search\/results\/all\/?keywords=%23inclusionnum%C3%A9rique&amp;origin=HASH_TAG_FROM_FEED\" data-test-app-aware-link=\"\"><span class=\"visually-hidden\">hashtag<\/span><span aria-hidden=\"true\">#<\/span>InclusionNum\u00e9rique<\/a> <a class=\"SZPZpAPDAyijRClaXyBhVTlzKUCxMiFHpwYDY \" href=\"https:\/\/www.linkedin.com\/search\/results\/all\/?keywords=%23ansuten&amp;origin=HASH_TAG_FROM_FEED\" data-test-app-aware-link=\"\"><span class=\"visually-hidden\">hashtag<\/span><span aria-hidden=\"true\">#<\/span>ANSUTEN<\/a> <a class=\"SZPZpAPDAyijRClaXyBhVTlzKUCxMiFHpwYDY \" href=\"https:\/\/www.linkedin.com\/search\/results\/all\/?keywords=%23kankan&amp;origin=HASH_TAG_FROM_FEED\" data-test-app-aware-link=\"\"><span class=\"visually-hidden\">hashtag<\/span><span aria-hidden=\"true\">#<\/span>Kankan<\/a> <a class=\"SZPZpAPDAyijRClaXyBhVTlzKUCxMiFHpwYDY \" href=\"https:\/\/www.linkedin.com\/search\/results\/all\/?keywords=%23d%C3%A9veloppementlocal&amp;origin=HASH_TAG_FROM_FEED\" data-test-app-aware-link=\"\"><span class=\"visually-hidden\">hashtag<\/span><span aria-hidden=\"true\">#<\/span>D\u00e9veloppementLocal<\/a><\/p>\n","protected":false},"excerpt":{"rendered":"<p>Dans le cadre de l\u2019immersion gouvernementale, \ud835\udc25\ud835\udc1e \ud835\udc0c\ud835\udc22\ud835\udc27\ud835\udc22\ud835\udc2c\ud835\udc2d\ud835\udc1e\u0300\ud835\udc2b\ud835\udc1e \ud835\udc1d\ud835\udc1e\ud835\udc2c \ud835\udc0f\ud835\udc28\ud835\udc2c\ud835\udc2d\ud835\udc1e\ud835\udc2c, \ud835\udc13\ud835\udc1e\u0301\ud835\udc25\ud835\udc1e\u0301\ud835\udc1c\ud835\udc28\ud835\udc26\ud835\udc26\ud835\udc2e\ud835\udc27\ud835\udc22\ud835\udc1c\ud835\udc1a\ud835\udc2d\ud835\udc22\ud835\udc28\ud835\udc27\ud835\udc2c \ud835\udc1e\ud835\udc2d \ud835\udc1d\ud835\udc1e \ud835\udc25&rsquo;\ud835\udc04\u0301\ud835\udc1c\ud835\udc28\ud835\udc27\ud835\udc28\ud835\udc26\ud835\udc22\ud835\udc1e \ud835\udc0d\ud835\udc2e\ud835\udc26\ud835\udc1e\u0301\ud835\udc2b\ud835\udc22\ud835\udc2a\ud835\udc2e\ud835\udc1e, \u00e0 travers l\u2019ANSUTEN, a proc\u00e9d\u00e9 ce jeudi 20 f\u00e9vrier 2025 \u00e0 la remise officielle des cl\u00e9s du Hub Num\u00e9rique de Kankan. Cet \u00e9v\u00e9nement s\u2019inscrit dans la continuit\u00e9 des efforts du gouvernement pour la transformation num\u00e9rique du pays, apr\u00e8s la remise [&hellip;]<\/p>\n","protected":false},"author":2,"featured_media":1549,"comment_status":"open","ping_status":"open","sticky":false,"template":"","format":"standard","meta":{"_jetpack_memberships_contains_paid_content":false,"footnotes":"","jetpack_publicize_message":"","jetpack_publicize_feature_enabled":true,"jetpack_social_post_already_shared":true,"jetpack_social_options":{"image_generator_settings":{"template":"highway","default_image_id":0,"font":"","enabled":false},"version":2}},"categories":[29,24,33],"tags":[],"class_list":{"0":"post-1548","1":"post","2":"type-post","3":"status-publish","4":"format-standard","5":"has-post-thumbnail","7":"category-economie","8":"category-news","9":"category-region"},"jetpack_publicize_connections":[],"jetpack_featured_media_url":"https:\/\/ledenonciateur224.com\/wp-content\/uploads\/2025\/02\/sougoule.jpeg","jetpack_sharing_enabled":true,"_links":{"self":[{"href":"https:\/\/ledenonciateur224.com\/index.php\/wp-json\/wp\/v2\/posts\/1548","targetHints":{"allow":["GET"]}}],"collection":[{"href":"https:\/\/ledenonciateur224.com\/index.php\/wp-json\/wp\/v2\/posts"}],"about":[{"href":"https:\/\/ledenonciateur224.com\/index.php\/wp-json\/wp\/v2\/types\/post"}],"author":[{"embeddable":true,"href":"https:\/\/ledenonciateur224.com\/index.php\/wp-json\/wp\/v2\/users\/2"}],"replies":[{"embeddable":true,"href":"https:\/\/ledenonciateur224.com\/index.php\/wp-json\/wp\/v2\/comments?post=1548"}],"version-history":[{"count":0,"href":"https:\/\/ledenonciateur224.com\/index.php\/wp-json\/wp\/v2\/posts\/1548\/revisions"}],"wp:featuredmedia":[{"embeddable":true,"href":"https:\/\/ledenonciateur224.com\/index.php\/wp-json\/wp\/v2\/media\/1549"}],"wp:attachment":[{"href":"https:\/\/ledenonciateur224.com\/index.php\/wp-json\/wp\/v2\/media?parent=1548"}],"wp:term":[{"taxonomy":"category","embeddable":true,"href":"https:\/\/ledenonciateur224.com\/index.php\/wp-json\/wp\/v2\/categories?post=1548"},{"taxonomy":"post_tag","embeddable":true,"href":"https:\/\/ledenonciateur224.com\/index.php\/wp-json\/wp\/v2\/tags?post=1548"}],"curies":[{"name":"wp","href":"https:\/\/api.w.org\/{rel}","templated":true}]}}